{"id":13633,"date":"2016-12-12T08:21:13","date_gmt":"2016-12-12T10:21:13","guid":{"rendered":"http:\/\/dana.com.br\/canaldana\/?p=13633"},"modified":"2016-12-12T08:21:13","modified_gmt":"2016-12-12T10:21:13","slug":"governo-de-sp-lanca-ferramenta-que-mapeia-locais-de-acidentes-de-transito","status":"publish","type":"post","link":"https:\/\/dana.com.br\/canaldana\/2016\/12\/12\/governo-de-sp-lanca-ferramenta-que-mapeia-locais-de-acidentes-de-transito\/","title":{"rendered":"Governo de SP lan\u00e7a ferramenta que mapeia locais de acidentes de tr\u00e2nsito"},"content":{"rendered":"<p><em>Portal Detran.SP<\/em><\/p>\n<p>&nbsp;<\/p>\n<p>O governador Geraldo Alckmin lan\u00e7ou na quarta-feira, 07, uma ferramenta que mostra o local das mortes em acidentes de tr\u00e2nsito em todo o Estado de S\u00e3o Paulo, incluindo o perfil das v\u00edtimas e das ocorr\u00eancias. In\u00e9dito no pa\u00eds e atualizado mensalmente, o Infomapa SP \u00e9 mais um instrumento, em complementa\u00e7\u00e3o ao Infosiga SP &#8211; Sistema de Informa\u00e7\u00f5es Gerenciais de Acidentes de Tr\u00e2nsito do Estado de S\u00e3o Paulo, que j\u00e1 divulga mensalmente os indicadores de mortes e v\u00edtimas de acidentes de tr\u00e2nsito nos 645 munic\u00edpios e rodovias paulistas.<\/p>\n<p>&nbsp;<\/p>\n<p>O georreferenciamento vai auxiliar os prefeitos e gestores p\u00fablicos a tomarem provid\u00eancias sobre pontos cr\u00edticos nas suas municipalidades. Todas estas ferramentas fazem parte do Movimento Paulista de Seguran\u00e7a no Tr\u00e2nsito, um programa do Governo do Estado de S\u00e3o Paulo que re\u00fane dez secretarias e \u00f3rg\u00e3os vinculados, al\u00e9m da iniciativa privada.<\/p>\n<p>&nbsp;<\/p>\n<p>\u201cEstamos lan\u00e7ando uma nova ferramenta. Al\u00e9m de ter o banco de dados, teremos por georreferenciamento a localiza\u00e7\u00e3o do acidente em todos os 645 munic\u00edpios. Os dados nos ajudam a prevenir acidentes e permite melhorar pol\u00edticas p\u00fablicas de educa\u00e7\u00e3o e conscientiza\u00e7\u00e3o\u201d, afirmou Alckmin.<\/p>\n<p>&nbsp;<\/p>\n<p>O governador destacou, ainda, que em 2016, por meio do Detran.SP, foram investidos R$ 10,5 milh\u00f5es de recursos do Estado em iniciativas voltadas para fiscaliza\u00e7\u00e3o, sinaliza\u00e7\u00e3o e educa\u00e7\u00e3o para o tr\u00e2nsito em 15 munic\u00edpios e que esse montante ser\u00e1 maior no pr\u00f3ximo ano. \u201cSer\u00e3o R$ 100 milh\u00f5es para 52 munic\u00edpios. Os investimentos s\u00e3o provenientes das verbas de multas de tr\u00e2nsito do Detran.SP, ou seja, \u00e9 infrator que est\u00e1 pagando para que possamos fazer a\u00e7\u00f5es de preven\u00e7\u00e3o e conscientiza\u00e7\u00e3o para diminuir os acidentes\u201d, disse Alckmin.<\/p>\n<p>&nbsp;<\/p>\n<p>As informa\u00e7\u00f5es poder\u00e3o ser filtradas por ano, m\u00eas, munic\u00edpio e meio de locomo\u00e7\u00e3o da v\u00edtima. Ao clicar o \u00edcone no mapa (autom\u00f3vel, motocicleta, pedestre, bicicleta, \u00f4nibus, caminh\u00e3o e demais), os cidad\u00e3os e gestores p\u00fablicos poder\u00e3o ter acesso a outros dados da v\u00edtima, tais como faixa et\u00e1ria e sexo, al\u00e9m da data do \u00f3bito e do tipo de acidente e turno da ocorr\u00eancia.<\/p>\n<p>&nbsp;<\/p>\n<p>Tanto o Infosiga SP quanto o Infomapa SP s\u00e3o baseados na triagem e tabula\u00e7\u00e3o de boletins de ocorr\u00eancia da Pol\u00edcia Civil do Estado de S\u00e3o Paulo, para o c\u00e1lculo das estat\u00edsticas relativas a \u00f3bitos no tr\u00e2nsito. Para levantamentos de acidentes de tr\u00e2nsito com v\u00edtimas s\u00e3o utilizados os dados recebidos pela Pol\u00edcia Militar Estadual e Pol\u00edcia Rodovi\u00e1ria Federal.<\/p>\n<p>&nbsp;<\/p>\n<p>O acesso ao Infomapa SP \u00e9 no mesmo site dos dados do Infosiga SP: <a href=\"http:\/\/www.infosiga.sp.gov.br\">www.infosiga.sp.gov.br<\/a>. (Portal Detran.SP)<\/p>\n","protected":false},"excerpt":{"rendered":"<p>Portal Detran.SP &nbsp; O governador Geraldo Alckmin lan\u00e7ou na quarta-feira, 07, uma ferramenta que mostra o local das mortes em acidentes de tr\u00e2nsito em todo o Estado de S\u00e3o Paulo, incluindo o perfil das v\u00edtimas e das ocorr\u00eancias. In\u00e9dito no pa\u00eds e atualizado mensalmente, o Infomapa SP \u00e9 mais um instrumento, em complementa\u00e7\u00e3o ao Infosiga\u2026 <a class=\"readmore\" href=\"https:\/\/dana.com.br\/canaldana\/2016\/12\/12\/governo-de-sp-lanca-ferramenta-que-mapeia-locais-de-acidentes-de-transito\/\">Leia mais \u00bb<\/a><\/p>\n","protected":false},"author":3,"featured_media":0,"comment_status":"closed","ping_status":"closed","sticky":false,"template":"","format":"standard","meta":{"_acf_changed":false,"footnotes":""},"categories":[79],"tags":[],"class_list":["post-13633","post","type-post","status-publish","format-standard","hentry","category-mercado"],"acf":[],"yoast_head":"<!-- This site is optimized with the Yoast SEO plugin v27.5 - https:\/\/yoast.com\/product\/yoast-seo-wordpress\/ -->\n<title>Governo de SP lan\u00e7a ferramenta que mapeia locais de acidentes de tr\u00e2nsito - Canal Dana<\/title>\n<meta name=\"robots\" content=\"index, follow, max-snippet:-1, max-image-preview:large, max-video-preview:-1\" \/>\n<link rel=\"canonical\" href=\"https:\/\/dana.com.br\/canaldana\/2016\/12\/12\/governo-de-sp-lanca-ferramenta-que-mapeia-locais-de-acidentes-de-transito\/\" \/>\n<meta property=\"og:locale\" content=\"pt_BR\" \/>\n<meta property=\"og:type\" content=\"article\" \/>\n<meta property=\"og:title\" content=\"Governo de SP lan\u00e7a ferramenta que mapeia locais de acidentes de tr\u00e2nsito - Canal Dana\" \/>\n<meta property=\"og:description\" content=\"Portal Detran.SP &nbsp; O governador Geraldo Alckmin lan\u00e7ou na quarta-feira, 07, uma ferramenta que mostra o local das mortes em acidentes de tr\u00e2nsito em todo o Estado de S\u00e3o Paulo, incluindo o perfil das v\u00edtimas e das ocorr\u00eancias. In\u00e9dito no pa\u00eds e atualizado mensalmente, o Infomapa SP \u00e9 mais um instrumento, em complementa\u00e7\u00e3o ao Infosiga\u2026 Leia mais \u00bb\" \/>\n<meta property=\"og:url\" content=\"https:\/\/dana.com.br\/canaldana\/2016\/12\/12\/governo-de-sp-lanca-ferramenta-que-mapeia-locais-de-acidentes-de-transito\/\" \/>\n<meta property=\"og:site_name\" content=\"Canal Dana\" \/>\n<meta property=\"article:published_time\" content=\"2016-12-12T10:21:13+00:00\" \/>\n<meta name=\"author\" content=\"Canal Dana\" \/>\n<meta name=\"twitter:card\" content=\"summary_large_image\" \/>\n<meta name=\"twitter:label1\" content=\"Escrito por\" \/>\n\t<meta name=\"twitter:data1\" content=\"Canal Dana\" \/>\n\t<meta name=\"twitter:label2\" content=\"Est. tempo de leitura\" \/>\n\t<meta name=\"twitter:data2\" content=\"2 minutos\" \/>\n<script type=\"application\/ld+json\" class=\"yoast-schema-graph\">{\"@context\":\"https:\\\/\\\/schema.org\",\"@graph\":[{\"@type\":\"Article\",\"@id\":\"https:\\\/\\\/dana.com.br\\\/canaldana\\\/2016\\\/12\\\/12\\\/governo-de-sp-lanca-ferramenta-que-mapeia-locais-de-acidentes-de-transito\\\/#article\",\"isPartOf\":{\"@id\":\"https:\\\/\\\/dana.com.br\\\/canaldana\\\/2016\\\/12\\\/12\\\/governo-de-sp-lanca-ferramenta-que-mapeia-locais-de-acidentes-de-transito\\\/\"},\"author\":{\"name\":\"Canal Dana\",\"@id\":\"https:\\\/\\\/dana.com.br\\\/canaldana\\\/#\\\/schema\\\/person\\\/3c21f22f56fcf3bc46b94bc60ea4fef6\"},\"headline\":\"Governo de SP lan\u00e7a ferramenta que mapeia locais de acidentes de tr\u00e2nsito\",\"datePublished\":\"2016-12-12T10:21:13+00:00\",\"mainEntityOfPage\":{\"@id\":\"https:\\\/\\\/dana.com.br\\\/canaldana\\\/2016\\\/12\\\/12\\\/governo-de-sp-lanca-ferramenta-que-mapeia-locais-de-acidentes-de-transito\\\/\"},\"wordCount\":494,\"articleSection\":[\"Mercado\"],\"inLanguage\":\"pt-BR\"},{\"@type\":\"WebPage\",\"@id\":\"https:\\\/\\\/dana.com.br\\\/canaldana\\\/2016\\\/12\\\/12\\\/governo-de-sp-lanca-ferramenta-que-mapeia-locais-de-acidentes-de-transito\\\/\",\"url\":\"https:\\\/\\\/dana.com.br\\\/canaldana\\\/2016\\\/12\\\/12\\\/governo-de-sp-lanca-ferramenta-que-mapeia-locais-de-acidentes-de-transito\\\/\",\"name\":\"Governo de SP lan\u00e7a ferramenta que mapeia locais de acidentes de tr\u00e2nsito - Canal Dana\",\"isPartOf\":{\"@id\":\"https:\\\/\\\/dana.com.br\\\/canaldana\\\/#website\"},\"datePublished\":\"2016-12-12T10:21:13+00:00\",\"author\":{\"@id\":\"https:\\\/\\\/dana.com.br\\\/canaldana\\\/#\\\/schema\\\/person\\\/3c21f22f56fcf3bc46b94bc60ea4fef6\"},\"breadcrumb\":{\"@id\":\"https:\\\/\\\/dana.com.br\\\/canaldana\\\/2016\\\/12\\\/12\\\/governo-de-sp-lanca-ferramenta-que-mapeia-locais-de-acidentes-de-transito\\\/#breadcrumb\"},\"inLanguage\":\"pt-BR\",\"potentialAction\":[{\"@type\":\"ReadAction\",\"target\":[\"https:\\\/\\\/dana.com.br\\\/canaldana\\\/2016\\\/12\\\/12\\\/governo-de-sp-lanca-ferramenta-que-mapeia-locais-de-acidentes-de-transito\\\/\"]}]},{\"@type\":\"BreadcrumbList\",\"@id\":\"https:\\\/\\\/dana.com.br\\\/canaldana\\\/2016\\\/12\\\/12\\\/governo-de-sp-lanca-ferramenta-que-mapeia-locais-de-acidentes-de-transito\\\/#breadcrumb\",\"itemListElement\":[{\"@type\":\"ListItem\",\"position\":1,\"name\":\"Home\",\"item\":\"https:\\\/\\\/dana.com.br\\\/canaldana\\\/\"},{\"@type\":\"ListItem\",\"position\":2,\"name\":\"Mercado\",\"item\":\"https:\\\/\\\/dana.com.br\\\/canaldana\\\/mercado\\\/\"},{\"@type\":\"ListItem\",\"position\":3,\"name\":\"Governo de SP lan\u00e7a ferramenta que mapeia locais de acidentes de tr\u00e2nsito\"}]},{\"@type\":\"WebSite\",\"@id\":\"https:\\\/\\\/dana.com.br\\\/canaldana\\\/#website\",\"url\":\"https:\\\/\\\/dana.com.br\\\/canaldana\\\/\",\"name\":\"Canal Dana\",\"description\":\"Informativo com as principais not\u00edcias da ind\u00fastria automotiva\",\"potentialAction\":[{\"@type\":\"SearchAction\",\"target\":{\"@type\":\"EntryPoint\",\"urlTemplate\":\"https:\\\/\\\/dana.com.br\\\/canaldana\\\/?s={search_term_string}\"},\"query-input\":{\"@type\":\"PropertyValueSpecification\",\"valueRequired\":true,\"valueName\":\"search_term_string\"}}],\"inLanguage\":\"pt-BR\"},{\"@type\":\"Person\",\"@id\":\"https:\\\/\\\/dana.com.br\\\/canaldana\\\/#\\\/schema\\\/person\\\/3c21f22f56fcf3bc46b94bc60ea4fef6\",\"name\":\"Canal Dana\",\"image\":{\"@type\":\"ImageObject\",\"inLanguage\":\"pt-BR\",\"@id\":\"https:\\\/\\\/secure.gravatar.com\\\/avatar\\\/420aaf9278582877d9018637c6817617705899d2858d7572ef0fe59a6b6454b4?s=96&d=mm&r=g\",\"url\":\"https:\\\/\\\/secure.gravatar.com\\\/avatar\\\/420aaf9278582877d9018637c6817617705899d2858d7572ef0fe59a6b6454b4?s=96&d=mm&r=g\",\"contentUrl\":\"https:\\\/\\\/secure.gravatar.com\\\/avatar\\\/420aaf9278582877d9018637c6817617705899d2858d7572ef0fe59a6b6454b4?s=96&d=mm&r=g\",\"caption\":\"Canal Dana\"},\"url\":\"https:\\\/\\\/dana.com.br\\\/canaldana\\\/author\\\/cdeditor\\\/\"}]}<\/script>\n<!-- \/ Yoast SEO plugin. -->","yoast_head_json":{"title":"Governo de SP lan\u00e7a ferramenta que mapeia locais de acidentes de tr\u00e2nsito - Canal Dana","robots":{"index":"index","follow":"follow","max-snippet":"max-snippet:-1","max-image-preview":"max-image-preview:large","max-video-preview":"max-video-preview:-1"},"canonical":"https:\/\/dana.com.br\/canaldana\/2016\/12\/12\/governo-de-sp-lanca-ferramenta-que-mapeia-locais-de-acidentes-de-transito\/","og_locale":"pt_BR","og_type":"article","og_title":"Governo de SP lan\u00e7a ferramenta que mapeia locais de acidentes de tr\u00e2nsito - Canal Dana","og_description":"Portal Detran.SP &nbsp; O governador Geraldo Alckmin lan\u00e7ou na quarta-feira, 07, uma ferramenta que mostra o local das mortes em acidentes de tr\u00e2nsito em todo o Estado de S\u00e3o Paulo, incluindo o perfil das v\u00edtimas e das ocorr\u00eancias. In\u00e9dito no pa\u00eds e atualizado mensalmente, o Infomapa SP \u00e9 mais um instrumento, em complementa\u00e7\u00e3o ao Infosiga\u2026 Leia mais \u00bb","og_url":"https:\/\/dana.com.br\/canaldana\/2016\/12\/12\/governo-de-sp-lanca-ferramenta-que-mapeia-locais-de-acidentes-de-transito\/","og_site_name":"Canal Dana","article_published_time":"2016-12-12T10:21:13+00:00","author":"Canal Dana","twitter_card":"summary_large_image","twitter_misc":{"Escrito por":"Canal Dana","Est. tempo de leitura":"2 minutos"},"schema":{"@context":"https:\/\/schema.org","@graph":[{"@type":"Article","@id":"https:\/\/dana.com.br\/canaldana\/2016\/12\/12\/governo-de-sp-lanca-ferramenta-que-mapeia-locais-de-acidentes-de-transito\/#article","isPartOf":{"@id":"https:\/\/dana.com.br\/canaldana\/2016\/12\/12\/governo-de-sp-lanca-ferramenta-que-mapeia-locais-de-acidentes-de-transito\/"},"author":{"name":"Canal Dana","@id":"https:\/\/dana.com.br\/canaldana\/#\/schema\/person\/3c21f22f56fcf3bc46b94bc60ea4fef6"},"headline":"Governo de SP lan\u00e7a ferramenta que mapeia locais de acidentes de tr\u00e2nsito","datePublished":"2016-12-12T10:21:13+00:00","mainEntityOfPage":{"@id":"https:\/\/dana.com.br\/canaldana\/2016\/12\/12\/governo-de-sp-lanca-ferramenta-que-mapeia-locais-de-acidentes-de-transito\/"},"wordCount":494,"articleSection":["Mercado"],"inLanguage":"pt-BR"},{"@type":"WebPage","@id":"https:\/\/dana.com.br\/canaldana\/2016\/12\/12\/governo-de-sp-lanca-ferramenta-que-mapeia-locais-de-acidentes-de-transito\/","url":"https:\/\/dana.com.br\/canaldana\/2016\/12\/12\/governo-de-sp-lanca-ferramenta-que-mapeia-locais-de-acidentes-de-transito\/","name":"Governo de SP lan\u00e7a ferramenta que mapeia locais de acidentes de tr\u00e2nsito - Canal Dana","isPartOf":{"@id":"https:\/\/dana.com.br\/canaldana\/#website"},"datePublished":"2016-12-12T10:21:13+00:00","author":{"@id":"https:\/\/dana.com.br\/canaldana\/#\/schema\/person\/3c21f22f56fcf3bc46b94bc60ea4fef6"},"breadcrumb":{"@id":"https:\/\/dana.com.br\/canaldana\/2016\/12\/12\/governo-de-sp-lanca-ferramenta-que-mapeia-locais-de-acidentes-de-transito\/#breadcrumb"},"inLanguage":"pt-BR","potentialAction":[{"@type":"ReadAction","target":["https:\/\/dana.com.br\/canaldana\/2016\/12\/12\/governo-de-sp-lanca-ferramenta-que-mapeia-locais-de-acidentes-de-transito\/"]}]},{"@type":"BreadcrumbList","@id":"https:\/\/dana.com.br\/canaldana\/2016\/12\/12\/governo-de-sp-lanca-ferramenta-que-mapeia-locais-de-acidentes-de-transito\/#breadcrumb","itemListElement":[{"@type":"ListItem","position":1,"name":"Home","item":"https:\/\/dana.com.br\/canaldana\/"},{"@type":"ListItem","position":2,"name":"Mercado","item":"https:\/\/dana.com.br\/canaldana\/mercado\/"},{"@type":"ListItem","position":3,"name":"Governo de SP lan\u00e7a ferramenta que mapeia locais de acidentes de tr\u00e2nsito"}]},{"@type":"WebSite","@id":"https:\/\/dana.com.br\/canaldana\/#website","url":"https:\/\/dana.com.br\/canaldana\/","name":"Canal Dana","description":"Informativo com as principais not\u00edcias da ind\u00fastria automotiva","potentialAction":[{"@type":"SearchAction","target":{"@type":"EntryPoint","urlTemplate":"https:\/\/dana.com.br\/canaldana\/?s={search_term_string}"},"query-input":{"@type":"PropertyValueSpecification","valueRequired":true,"valueName":"search_term_string"}}],"inLanguage":"pt-BR"},{"@type":"Person","@id":"https:\/\/dana.com.br\/canaldana\/#\/schema\/person\/3c21f22f56fcf3bc46b94bc60ea4fef6","name":"Canal Dana","image":{"@type":"ImageObject","inLanguage":"pt-BR","@id":"https:\/\/secure.gravatar.com\/avatar\/420aaf9278582877d9018637c6817617705899d2858d7572ef0fe59a6b6454b4?s=96&d=mm&r=g","url":"https:\/\/secure.gravatar.com\/avatar\/420aaf9278582877d9018637c6817617705899d2858d7572ef0fe59a6b6454b4?s=96&d=mm&r=g","contentUrl":"https:\/\/secure.gravatar.com\/avatar\/420aaf9278582877d9018637c6817617705899d2858d7572ef0fe59a6b6454b4?s=96&d=mm&r=g","caption":"Canal Dana"},"url":"https:\/\/dana.com.br\/canaldana\/author\/cdeditor\/"}]}},"_links":{"self":[{"href":"https:\/\/dana.com.br\/canaldana\/wp-json\/wp\/v2\/posts\/13633","targetHints":{"allow":["GET"]}}],"collection":[{"href":"https:\/\/dana.com.br\/canaldana\/wp-json\/wp\/v2\/posts"}],"about":[{"href":"https:\/\/dana.com.br\/canaldana\/wp-json\/wp\/v2\/types\/post"}],"author":[{"embeddable":true,"href":"https:\/\/dana.com.br\/canaldana\/wp-json\/wp\/v2\/users\/3"}],"replies":[{"embeddable":true,"href":"https:\/\/dana.com.br\/canaldana\/wp-json\/wp\/v2\/comments?post=13633"}],"version-history":[{"count":0,"href":"https:\/\/dana.com.br\/canaldana\/wp-json\/wp\/v2\/posts\/13633\/revisions"}],"wp:attachment":[{"href":"https:\/\/dana.com.br\/canaldana\/wp-json\/wp\/v2\/media?parent=13633"}],"wp:term":[{"taxonomy":"category","embeddable":true,"href":"https:\/\/dana.com.br\/canaldana\/wp-json\/wp\/v2\/categories?post=13633"},{"taxonomy":"post_tag","embeddable":true,"href":"https:\/\/dana.com.br\/canaldana\/wp-json\/wp\/v2\/tags?post=13633"}],"curies":[{"name":"wp","href":"https:\/\/api.w.org\/{rel}","templated":true}]}}