{"id":12949,"date":"2016-11-11T08:27:02","date_gmt":"2016-11-11T10:27:02","guid":{"rendered":"http:\/\/dana.com.br\/canaldana\/?p=12949"},"modified":"2016-11-11T08:27:02","modified_gmt":"2016-11-11T10:27:02","slug":"renault-comeca-a-vender-captur-e-mostra-novo-motor-3-cilindros","status":"publish","type":"post","link":"https:\/\/dana.com.br\/canaldana\/2016\/11\/11\/renault-comeca-a-vender-captur-e-mostra-novo-motor-3-cilindros\/","title":{"rendered":"Renault come\u00e7a a vender Captur e mostra novo motor 3-cilindros"},"content":{"rendered":"<p><em>UOL Carros<\/em><\/p>\n<p>&nbsp;<\/p>\n<p>A Renault destina a maior parte de seu estande no Sal\u00e3o do Autom\u00f3vel de S\u00e3o Paulo para a apresenta\u00e7\u00e3o de tr\u00eas importantes novidades. E s\u00e3o tr\u00eas SUVs: Captur (m\u00e9dio-compacto), Koleos (grande e luxuoso) e um&#8230; inventado &#8212; o hatch altinho Kwid vira &#8220;micro-SUV&#8221; para a marca.<\/p>\n<p>&nbsp;<\/p>\n<p>&#8220;O Brasil \u00e9 estrat\u00e9gico para a Renault, por isso teremos essa ofensiva. Os clientes querem SUV, \u00e9 sonho de consumo, aspiracional, por isso precisamos de um produto em cada segmento. Com isso, queremos 10% do share do mercado, mas n\u00e3o temos data para isso&#8221;, revela Olivier Murguet, presidente da Renault para as Am\u00e9ricas.<\/p>\n<p>&nbsp;<\/p>\n<p>Vale lembrar que em dois anos a participa\u00e7\u00e3o de SUVs no mercado brasileiro quase dobrou, passando de 8% para 15% do total de carros vendidos.<\/p>\n<p>&nbsp;<\/p>\n<p><strong>Tr\u00edade<\/strong><\/p>\n<p>&nbsp;<\/p>\n<p>O sal\u00e3o ser\u00e1 o marco inicial de pr\u00e9-venda do Captur, que come\u00e7a a ser vendido no evento com valores entre R$ 85 mil e R$ 90 mil, mas s\u00f3 chega \u00e0s lojas oficialmente em fevereiro de 2017 &#8211; o SUV foi visto pela equipe de UOL Carros no \u00faltimo final de semana, durante grava\u00e7\u00e3o de comercial.<\/p>\n<p>&nbsp;<\/p>\n<p>Produzido no Paran\u00e1, ser\u00e1 posicionado acima do Duster, ter\u00e1 quatro vers\u00f5es e tr\u00eas configura\u00e7\u00f5es mec\u00e2nicas: 1.6 SCe com c\u00e2mbio manual, 1.6 SCe com o caixa CVT X-Tronic (a mesma utilizada pela Nissan) e 2.0 com transmiss\u00e3o autom\u00e1tica (certamente, a mesma de quatro marchas da picape Duster Oroch).<\/p>\n<p>&nbsp;<\/p>\n<p>Entre a lista de equipamentos est\u00e3o controles eletr\u00f4nicos de estabilidade e de tra\u00e7\u00e3o, assistente de partida em aclives e declives, quatro airbags e retrovisores el\u00e9tricos.<\/p>\n<p>&nbsp;<\/p>\n<p>Este novo motor 1.6 promete economia de consumo de at\u00e9 21%, em ciclos m\u00e9dios urbanos, com uso de gasolina, em rela\u00e7\u00e3o ao 1.6 atual da marca. Depois do Captur, deve se espalhar pelo restante da linha &#8211; nesta caso, por\u00e9m, vai encarecer as vers\u00f5es em cerca de R$ 600.<\/p>\n<p>&nbsp;<\/p>\n<p>De acordo com a Renault, a partir do pr\u00f3ximo dia 11 de novembro um hotsite do Captur ser\u00e1 lan\u00e7ado para que interessados no modelo possam se cadastrar e conhecer todo o conte\u00fado dispon\u00edvel no ve\u00edculo e fazer pr\u00e9-reservas.<\/p>\n<p>&nbsp;<\/p>\n<p>J\u00e1 o SUV grande Koleos, que UOL Carros conheceu em julho, estreia ap\u00f3s o Captur, entre mar\u00e7o e abril, por cerca de R$ 180 mil. Grande e imponente, traz motor quatro-cilindros de 2,5 litros e duplo comando de v\u00e1lvulas, que rende 182 cv e 23,7 kgfm de torque (segundo a marca, 90% dispon\u00edvel j\u00e1 a partir de 1.800 rpm). Com tra\u00e7\u00e3o 4&#215;4 e c\u00e2mbio CVT Xtronic, pode fazer o 0-100 km\/h em menos de 10 segundos.<\/p>\n<p>&nbsp;<\/p>\n<p>Por sua vez, o pequeno Kwid ser\u00e1 revelado apenas sob formato de prot\u00f3tipo, chamado de Kwid Outsider Concept, e ainda n\u00e3o tem data de estreia definida &#8211; fontes ligadas \u00e0 marca, por\u00e9m, garantem que sua chegada deve acontecer no primeiro semestre do ano que vem.<\/p>\n<p>&nbsp;<\/p>\n<p>Chamado de &#8220;SUV compacto urbano&#8221; pela marca, ele se destaca pelo tamanho compacto e estreia a nova plataforma mundial da Renault-Nissan, conhecida como CMF-A. Sabe-se, por enquanto, apenas que o motor ser\u00e1 de 1 litro, tr\u00eas cilindros e 82 cv, diferente daquele oferecido pelo Nissan March e que promete economia de at\u00e9 19% em rela\u00e7\u00e3o ao atual 1.0.<\/p>\n<p>&nbsp;<\/p>\n<p>Renault tamb\u00e9m afirma que o modelo ficou muito mais seguro e equipado que sua contraparte indiana: &#8220;Embora a plataforma seja a mesma para o mundo todo, usamos 20% de base da \u00cdndia, mas fizemos outras escolhas nos 80% restante, de acordo com exig\u00eancias locais mapeadas por nosso Centro de Pesquisa&#8221;, afirmou Fabrice Cambolive, presidente da Renault Brasil.<\/p>\n<p>&nbsp;<\/p>\n<p><strong>Poke&#8230; ops, Captur Go!<\/strong><\/p>\n<p>&nbsp;<\/p>\n<p>Al\u00e9m das novidades e da atual gama completa de modelos, o espa\u00e7o da Renault ter\u00e1 um est\u00fadio para transmiss\u00f5es ao vivo, \u00f3culos de realidade virtual e filtros exclusivos para os visitantes que utilizam o Snapchat.<\/p>\n<p>&nbsp;<\/p>\n<p>A marca tamb\u00e9m pega carona em uma febre: visitantes podem baixar um aplicativo com informa\u00e7\u00f5es dos carros expostos e um jogo chamado &#8220;Captur Game&#8221;, onde o usu\u00e1rio dever\u00e1 procurar e &#8220;capturar&#8221; carros virtuais da Renault pelo sal\u00e3o. Tudo como no jogo para celular &#8220;Pok\u00e9mon Go!&#8221;. (UOL Carros\/Andr\u00e9 Deliberato, Karina Craveiro e Eug\u00eanio Augusto Brito)<\/p>\n","protected":false},"excerpt":{"rendered":"<p>UOL Carros &nbsp; A Renault destina a maior parte de seu estande no Sal\u00e3o do Autom\u00f3vel de S\u00e3o Paulo para a apresenta\u00e7\u00e3o de tr\u00eas importantes novidades. E s\u00e3o tr\u00eas SUVs: Captur (m\u00e9dio-compacto), Koleos (grande e luxuoso) e um&#8230; inventado &#8212; o hatch altinho Kwid vira &#8220;micro-SUV&#8221; para a marca. &nbsp; &#8220;O Brasil \u00e9 estrat\u00e9gico para\u2026 <a class=\"readmore\" href=\"https:\/\/dana.com.br\/canaldana\/2016\/11\/11\/renault-comeca-a-vender-captur-e-mostra-novo-motor-3-cilindros\/\">Leia mais \u00bb<\/a><\/p>\n","protected":false},"author":3,"featured_media":0,"comment_status":"closed","ping_status":"closed","sticky":false,"template":"","format":"standard","meta":{"_acf_changed":false,"footnotes":""},"categories":[67],"tags":[],"class_list":["post-12949","post","type-post","status-publish","format-standard","hentry","category-salao-do-automovel"],"acf":[],"yoast_head":"<!-- This site is optimized with the Yoast SEO plugin v27.5 - https:\/\/yoast.com\/product\/yoast-seo-wordpress\/ -->\n<title>Renault come\u00e7a a vender Captur e mostra novo motor 3-cilindros - Canal Dana<\/title>\n<meta name=\"robots\" content=\"index, follow, max-snippet:-1, max-image-preview:large, max-video-preview:-1\" \/>\n<link rel=\"canonical\" href=\"https:\/\/dana.com.br\/canaldana\/2016\/11\/11\/renault-comeca-a-vender-captur-e-mostra-novo-motor-3-cilindros\/\" \/>\n<meta property=\"og:locale\" content=\"pt_BR\" \/>\n<meta property=\"og:type\" content=\"article\" \/>\n<meta property=\"og:title\" content=\"Renault come\u00e7a a vender Captur e mostra novo motor 3-cilindros - Canal Dana\" \/>\n<meta property=\"og:description\" content=\"UOL Carros &nbsp; A Renault destina a maior parte de seu estande no Sal\u00e3o do Autom\u00f3vel de S\u00e3o Paulo para a apresenta\u00e7\u00e3o de tr\u00eas importantes novidades. E s\u00e3o tr\u00eas SUVs: Captur (m\u00e9dio-compacto), Koleos (grande e luxuoso) e um&#8230; inventado &#8212; o hatch altinho Kwid vira &#8220;micro-SUV&#8221; para a marca. &nbsp; &#8220;O Brasil \u00e9 estrat\u00e9gico para\u2026 Leia mais \u00bb\" \/>\n<meta property=\"og:url\" content=\"https:\/\/dana.com.br\/canaldana\/2016\/11\/11\/renault-comeca-a-vender-captur-e-mostra-novo-motor-3-cilindros\/\" \/>\n<meta property=\"og:site_name\" content=\"Canal Dana\" \/>\n<meta property=\"article:published_time\" content=\"2016-11-11T10:27:02+00:00\" \/>\n<meta name=\"author\" content=\"Canal Dana\" \/>\n<meta name=\"twitter:card\" content=\"summary_large_image\" \/>\n<meta name=\"twitter:label1\" content=\"Escrito por\" \/>\n\t<meta name=\"twitter:data1\" content=\"Canal Dana\" \/>\n\t<meta name=\"twitter:label2\" content=\"Est. tempo de leitura\" \/>\n\t<meta name=\"twitter:data2\" content=\"4 minutos\" \/>\n<script type=\"application\/ld+json\" class=\"yoast-schema-graph\">{\"@context\":\"https:\\\/\\\/schema.org\",\"@graph\":[{\"@type\":\"Article\",\"@id\":\"https:\\\/\\\/dana.com.br\\\/canaldana\\\/2016\\\/11\\\/11\\\/renault-comeca-a-vender-captur-e-mostra-novo-motor-3-cilindros\\\/#article\",\"isPartOf\":{\"@id\":\"https:\\\/\\\/dana.com.br\\\/canaldana\\\/2016\\\/11\\\/11\\\/renault-comeca-a-vender-captur-e-mostra-novo-motor-3-cilindros\\\/\"},\"author\":{\"name\":\"Canal Dana\",\"@id\":\"https:\\\/\\\/dana.com.br\\\/canaldana\\\/#\\\/schema\\\/person\\\/3c21f22f56fcf3bc46b94bc60ea4fef6\"},\"headline\":\"Renault come\u00e7a a vender Captur e mostra novo motor 3-cilindros\",\"datePublished\":\"2016-11-11T10:27:02+00:00\",\"mainEntityOfPage\":{\"@id\":\"https:\\\/\\\/dana.com.br\\\/canaldana\\\/2016\\\/11\\\/11\\\/renault-comeca-a-vender-captur-e-mostra-novo-motor-3-cilindros\\\/\"},\"wordCount\":731,\"articleSection\":[\"Sal\u00e3o do Autom\u00f3vel\"],\"inLanguage\":\"pt-BR\"},{\"@type\":\"WebPage\",\"@id\":\"https:\\\/\\\/dana.com.br\\\/canaldana\\\/2016\\\/11\\\/11\\\/renault-comeca-a-vender-captur-e-mostra-novo-motor-3-cilindros\\\/\",\"url\":\"https:\\\/\\\/dana.com.br\\\/canaldana\\\/2016\\\/11\\\/11\\\/renault-comeca-a-vender-captur-e-mostra-novo-motor-3-cilindros\\\/\",\"name\":\"Renault come\u00e7a a vender Captur e mostra novo motor 3-cilindros - Canal Dana\",\"isPartOf\":{\"@id\":\"https:\\\/\\\/dana.com.br\\\/canaldana\\\/#website\"},\"datePublished\":\"2016-11-11T10:27:02+00:00\",\"author\":{\"@id\":\"https:\\\/\\\/dana.com.br\\\/canaldana\\\/#\\\/schema\\\/person\\\/3c21f22f56fcf3bc46b94bc60ea4fef6\"},\"breadcrumb\":{\"@id\":\"https:\\\/\\\/dana.com.br\\\/canaldana\\\/2016\\\/11\\\/11\\\/renault-comeca-a-vender-captur-e-mostra-novo-motor-3-cilindros\\\/#breadcrumb\"},\"inLanguage\":\"pt-BR\",\"potentialAction\":[{\"@type\":\"ReadAction\",\"target\":[\"https:\\\/\\\/dana.com.br\\\/canaldana\\\/2016\\\/11\\\/11\\\/renault-comeca-a-vender-captur-e-mostra-novo-motor-3-cilindros\\\/\"]}]},{\"@type\":\"BreadcrumbList\",\"@id\":\"https:\\\/\\\/dana.com.br\\\/canaldana\\\/2016\\\/11\\\/11\\\/renault-comeca-a-vender-captur-e-mostra-novo-motor-3-cilindros\\\/#breadcrumb\",\"itemListElement\":[{\"@type\":\"ListItem\",\"position\":1,\"name\":\"Home\",\"item\":\"https:\\\/\\\/dana.com.br\\\/canaldana\\\/\"},{\"@type\":\"ListItem\",\"position\":2,\"name\":\"Sal\u00e3o do Autom\u00f3vel\",\"item\":\"https:\\\/\\\/dana.com.br\\\/canaldana\\\/salao-do-automovel\\\/\"},{\"@type\":\"ListItem\",\"position\":3,\"name\":\"Renault come\u00e7a a vender Captur e mostra novo motor 3-cilindros\"}]},{\"@type\":\"WebSite\",\"@id\":\"https:\\\/\\\/dana.com.br\\\/canaldana\\\/#website\",\"url\":\"https:\\\/\\\/dana.com.br\\\/canaldana\\\/\",\"name\":\"Canal Dana\",\"description\":\"Informativo com as principais not\u00edcias da ind\u00fastria automotiva\",\"potentialAction\":[{\"@type\":\"SearchAction\",\"target\":{\"@type\":\"EntryPoint\",\"urlTemplate\":\"https:\\\/\\\/dana.com.br\\\/canaldana\\\/?s={search_term_string}\"},\"query-input\":{\"@type\":\"PropertyValueSpecification\",\"valueRequired\":true,\"valueName\":\"search_term_string\"}}],\"inLanguage\":\"pt-BR\"},{\"@type\":\"Person\",\"@id\":\"https:\\\/\\\/dana.com.br\\\/canaldana\\\/#\\\/schema\\\/person\\\/3c21f22f56fcf3bc46b94bc60ea4fef6\",\"name\":\"Canal Dana\",\"image\":{\"@type\":\"ImageObject\",\"inLanguage\":\"pt-BR\",\"@id\":\"https:\\\/\\\/secure.gravatar.com\\\/avatar\\\/420aaf9278582877d9018637c6817617705899d2858d7572ef0fe59a6b6454b4?s=96&d=mm&r=g\",\"url\":\"https:\\\/\\\/secure.gravatar.com\\\/avatar\\\/420aaf9278582877d9018637c6817617705899d2858d7572ef0fe59a6b6454b4?s=96&d=mm&r=g\",\"contentUrl\":\"https:\\\/\\\/secure.gravatar.com\\\/avatar\\\/420aaf9278582877d9018637c6817617705899d2858d7572ef0fe59a6b6454b4?s=96&d=mm&r=g\",\"caption\":\"Canal Dana\"},\"url\":\"https:\\\/\\\/dana.com.br\\\/canaldana\\\/author\\\/cdeditor\\\/\"}]}<\/script>\n<!-- \/ Yoast SEO plugin. -->","yoast_head_json":{"title":"Renault come\u00e7a a vender Captur e mostra novo motor 3-cilindros - Canal Dana","robots":{"index":"index","follow":"follow","max-snippet":"max-snippet:-1","max-image-preview":"max-image-preview:large","max-video-preview":"max-video-preview:-1"},"canonical":"https:\/\/dana.com.br\/canaldana\/2016\/11\/11\/renault-comeca-a-vender-captur-e-mostra-novo-motor-3-cilindros\/","og_locale":"pt_BR","og_type":"article","og_title":"Renault come\u00e7a a vender Captur e mostra novo motor 3-cilindros - Canal Dana","og_description":"UOL Carros &nbsp; A Renault destina a maior parte de seu estande no Sal\u00e3o do Autom\u00f3vel de S\u00e3o Paulo para a apresenta\u00e7\u00e3o de tr\u00eas importantes novidades. E s\u00e3o tr\u00eas SUVs: Captur (m\u00e9dio-compacto), Koleos (grande e luxuoso) e um&#8230; inventado &#8212; o hatch altinho Kwid vira &#8220;micro-SUV&#8221; para a marca. &nbsp; &#8220;O Brasil \u00e9 estrat\u00e9gico para\u2026 Leia mais \u00bb","og_url":"https:\/\/dana.com.br\/canaldana\/2016\/11\/11\/renault-comeca-a-vender-captur-e-mostra-novo-motor-3-cilindros\/","og_site_name":"Canal Dana","article_published_time":"2016-11-11T10:27:02+00:00","author":"Canal Dana","twitter_card":"summary_large_image","twitter_misc":{"Escrito por":"Canal Dana","Est. tempo de leitura":"4 minutos"},"schema":{"@context":"https:\/\/schema.org","@graph":[{"@type":"Article","@id":"https:\/\/dana.com.br\/canaldana\/2016\/11\/11\/renault-comeca-a-vender-captur-e-mostra-novo-motor-3-cilindros\/#article","isPartOf":{"@id":"https:\/\/dana.com.br\/canaldana\/2016\/11\/11\/renault-comeca-a-vender-captur-e-mostra-novo-motor-3-cilindros\/"},"author":{"name":"Canal Dana","@id":"https:\/\/dana.com.br\/canaldana\/#\/schema\/person\/3c21f22f56fcf3bc46b94bc60ea4fef6"},"headline":"Renault come\u00e7a a vender Captur e mostra novo motor 3-cilindros","datePublished":"2016-11-11T10:27:02+00:00","mainEntityOfPage":{"@id":"https:\/\/dana.com.br\/canaldana\/2016\/11\/11\/renault-comeca-a-vender-captur-e-mostra-novo-motor-3-cilindros\/"},"wordCount":731,"articleSection":["Sal\u00e3o do Autom\u00f3vel"],"inLanguage":"pt-BR"},{"@type":"WebPage","@id":"https:\/\/dana.com.br\/canaldana\/2016\/11\/11\/renault-comeca-a-vender-captur-e-mostra-novo-motor-3-cilindros\/","url":"https:\/\/dana.com.br\/canaldana\/2016\/11\/11\/renault-comeca-a-vender-captur-e-mostra-novo-motor-3-cilindros\/","name":"Renault come\u00e7a a vender Captur e mostra novo motor 3-cilindros - Canal Dana","isPartOf":{"@id":"https:\/\/dana.com.br\/canaldana\/#website"},"datePublished":"2016-11-11T10:27:02+00:00","author":{"@id":"https:\/\/dana.com.br\/canaldana\/#\/schema\/person\/3c21f22f56fcf3bc46b94bc60ea4fef6"},"breadcrumb":{"@id":"https:\/\/dana.com.br\/canaldana\/2016\/11\/11\/renault-comeca-a-vender-captur-e-mostra-novo-motor-3-cilindros\/#breadcrumb"},"inLanguage":"pt-BR","potentialAction":[{"@type":"ReadAction","target":["https:\/\/dana.com.br\/canaldana\/2016\/11\/11\/renault-comeca-a-vender-captur-e-mostra-novo-motor-3-cilindros\/"]}]},{"@type":"BreadcrumbList","@id":"https:\/\/dana.com.br\/canaldana\/2016\/11\/11\/renault-comeca-a-vender-captur-e-mostra-novo-motor-3-cilindros\/#breadcrumb","itemListElement":[{"@type":"ListItem","position":1,"name":"Home","item":"https:\/\/dana.com.br\/canaldana\/"},{"@type":"ListItem","position":2,"name":"Sal\u00e3o do Autom\u00f3vel","item":"https:\/\/dana.com.br\/canaldana\/salao-do-automovel\/"},{"@type":"ListItem","position":3,"name":"Renault come\u00e7a a vender Captur e mostra novo motor 3-cilindros"}]},{"@type":"WebSite","@id":"https:\/\/dana.com.br\/canaldana\/#website","url":"https:\/\/dana.com.br\/canaldana\/","name":"Canal Dana","description":"Informativo com as principais not\u00edcias da ind\u00fastria automotiva","potentialAction":[{"@type":"SearchAction","target":{"@type":"EntryPoint","urlTemplate":"https:\/\/dana.com.br\/canaldana\/?s={search_term_string}"},"query-input":{"@type":"PropertyValueSpecification","valueRequired":true,"valueName":"search_term_string"}}],"inLanguage":"pt-BR"},{"@type":"Person","@id":"https:\/\/dana.com.br\/canaldana\/#\/schema\/person\/3c21f22f56fcf3bc46b94bc60ea4fef6","name":"Canal Dana","image":{"@type":"ImageObject","inLanguage":"pt-BR","@id":"https:\/\/secure.gravatar.com\/avatar\/420aaf9278582877d9018637c6817617705899d2858d7572ef0fe59a6b6454b4?s=96&d=mm&r=g","url":"https:\/\/secure.gravatar.com\/avatar\/420aaf9278582877d9018637c6817617705899d2858d7572ef0fe59a6b6454b4?s=96&d=mm&r=g","contentUrl":"https:\/\/secure.gravatar.com\/avatar\/420aaf9278582877d9018637c6817617705899d2858d7572ef0fe59a6b6454b4?s=96&d=mm&r=g","caption":"Canal Dana"},"url":"https:\/\/dana.com.br\/canaldana\/author\/cdeditor\/"}]}},"_links":{"self":[{"href":"https:\/\/dana.com.br\/canaldana\/wp-json\/wp\/v2\/posts\/12949","targetHints":{"allow":["GET"]}}],"collection":[{"href":"https:\/\/dana.com.br\/canaldana\/wp-json\/wp\/v2\/posts"}],"about":[{"href":"https:\/\/dana.com.br\/canaldana\/wp-json\/wp\/v2\/types\/post"}],"author":[{"embeddable":true,"href":"https:\/\/dana.com.br\/canaldana\/wp-json\/wp\/v2\/users\/3"}],"replies":[{"embeddable":true,"href":"https:\/\/dana.com.br\/canaldana\/wp-json\/wp\/v2\/comments?post=12949"}],"version-history":[{"count":0,"href":"https:\/\/dana.com.br\/canaldana\/wp-json\/wp\/v2\/posts\/12949\/revisions"}],"wp:attachment":[{"href":"https:\/\/dana.com.br\/canaldana\/wp-json\/wp\/v2\/media?parent=12949"}],"wp:term":[{"taxonomy":"category","embeddable":true,"href":"https:\/\/dana.com.br\/canaldana\/wp-json\/wp\/v2\/categories?post=12949"},{"taxonomy":"post_tag","embeddable":true,"href":"https:\/\/dana.com.br\/canaldana\/wp-json\/wp\/v2\/tags?post=12949"}],"curies":[{"name":"wp","href":"https:\/\/api.w.org\/{rel}","templated":true}]}}