{"id":12471,"date":"2016-10-20T09:03:52","date_gmt":"2016-10-20T11:03:52","guid":{"rendered":"http:\/\/dana.com.br\/canaldana\/?p=12471"},"modified":"2016-10-20T09:03:52","modified_gmt":"2016-10-20T11:03:52","slug":"demanda-por-turbos-crescera-50-em-5-anos-na-america-do-sul","status":"publish","type":"post","link":"https:\/\/dana.com.br\/canaldana\/2016\/10\/20\/demanda-por-turbos-crescera-50-em-5-anos-na-america-do-sul\/","title":{"rendered":"Demanda por turbos crescer\u00e1 50% em 5 anos na Am\u00e9rica do Sul"},"content":{"rendered":"<p><em>Automotive Business<\/em><\/p>\n<p>&nbsp;<\/p>\n<p>A demanda por turbos dever\u00e1 crescer 50% nos pr\u00f3ximos cinco anos na Am\u00e9rica do Sul, passando da participa\u00e7\u00e3o atual de 20% para 30% no per\u00edodo. \u00c9 com esta proje\u00e7\u00e3o que a Honeywell trabalha na regi\u00e3o, cuja demanda ser\u00e1 impulsionada pelo Brasil, principalmente a partir do segmento de ve\u00edculos leves. A empresa, fabricante dos turbos Garrett e de sistemas e componentes automotivos, que j\u00e1 fornece para comerciais leves, incluindo picapes, aposta no potencial deste mercado, uma vez que a solu\u00e7\u00e3o \u00e9 uma das mais eficientes para alcan\u00e7ar os novos n\u00edveis de consumo exigidos pelo Inovar-Auto.<\/p>\n<p>&nbsp;<\/p>\n<p>Refor\u00e7a essa estrat\u00e9gia o fato de que o segmento de comerciais pesados \u2013 para o qual a Honeywell tem seu maior mercado de fornecimento \u2013 j\u00e1 est\u00e1 todo equipado com turbos. \u201cNesse sentido, ganhamos fornecimento significativo de projetos de montadoras, tanto de leves quanto de pesados\u201d, revela o presidente e CEO global da Honeywell Transportation Systems, Olivier Rabiller, de passagem pelo Brasil. O executivo, que n\u00e3o revela quais s\u00e3o os novos clientes, acrescenta que a companhia tem capacidade instalada suficiente para atender a demanda atual e o crescimento significativo previsto para os pr\u00f3ximos anos, incluindo os novos fornecimentos.<\/p>\n<p>&nbsp;<\/p>\n<p>O executivo refor\u00e7a que o Brasil est\u00e1 seguindo a tend\u00eancia global de reduzir consumo e emiss\u00f5es. De acordo com as proje\u00e7\u00f5es da empresa, em 2020 a demanda global por turbos passar\u00e1 de 33% para 47%, podendo chegar a quase 70% em pouco mais de dez anos.<\/p>\n<p>&nbsp;<\/p>\n<p>\u201cO mercado brasileiro dever\u00e1 rapidamente introduzir novas tecnologias para atender \u00e0s futuras normas de emiss\u00f5es e efici\u00eancia energ\u00e9tica da legisla\u00e7\u00e3o do Inovar-Auto 2. Isso abre um grande potencial de amplia\u00e7\u00e3o para as tecnologias, n\u00e3o somente em produtos, como o turbo, mas tamb\u00e9m em solu\u00e7\u00f5es de software, nova e promissora fronteira da Honeywell\u201d, destaca Rabiller.<\/p>\n<p>&nbsp;<\/p>\n<p>Mas enquanto a demanda n\u00e3o aquece a empresa buscou alternativas para suportar a queda brusca das vendas de ve\u00edculos no Brasil, especialmente a de pesados, seu maior nicho de atua\u00e7\u00e3o. Entre as a\u00e7\u00f5es, foco nas exporta\u00e7\u00f5es e no mercado de reposi\u00e7\u00e3o foram as solu\u00e7\u00f5es que trouxeram equil\u00edbrio aos neg\u00f3cios. Enquanto nas exporta\u00e7\u00f5es o eixo n\u00e3o fica muito fora da Am\u00e9rica do Sul, o aftermarket trouxe novo f\u00f4lego.<\/p>\n<p>&nbsp;<\/p>\n<p>\u201cCrescemos em participa\u00e7\u00e3o no aftermarket, o que nos permitiu manter o n\u00edvel de atividades com rela\u00e7\u00e3o ao ano passado\u201d, afirma Rabiller.<\/p>\n<p>&nbsp;<\/p>\n<p>A divis\u00e3o dedicada ao mercado de reposi\u00e7\u00e3o no Brasil, que tamb\u00e9m serve todo o mercado da Am\u00e9rica do Sul, aumentou sua opera\u00e7\u00e3o a partir do investimento que a empresa fez na nova linha de turbos remanufaturados instalada na mesma f\u00e1brica de Guarulhos, onde s\u00e3o produzidos os turbos para o mercado original. (Automotive Business\/Sueli Reis)<\/p>\n","protected":false},"excerpt":{"rendered":"<p>Automotive Business &nbsp; A demanda por turbos dever\u00e1 crescer 50% nos pr\u00f3ximos cinco anos na Am\u00e9rica do Sul, passando da participa\u00e7\u00e3o atual de 20% para 30% no per\u00edodo. \u00c9 com esta proje\u00e7\u00e3o que a Honeywell trabalha na regi\u00e3o, cuja demanda ser\u00e1 impulsionada pelo Brasil, principalmente a partir do segmento de ve\u00edculos leves. A empresa, fabricante\u2026 <a class=\"readmore\" href=\"https:\/\/dana.com.br\/canaldana\/2016\/10\/20\/demanda-por-turbos-crescera-50-em-5-anos-na-america-do-sul\/\">Leia mais \u00bb<\/a><\/p>\n","protected":false},"author":3,"featured_media":0,"comment_status":"closed","ping_status":"closed","sticky":false,"template":"","format":"standard","meta":{"_acf_changed":false,"footnotes":""},"categories":[61],"tags":[],"class_list":["post-12471","post","type-post","status-publish","format-standard","hentry","category-destaques"],"acf":[],"yoast_head":"<!-- This site is optimized with the Yoast SEO plugin v27.3 - https:\/\/yoast.com\/product\/yoast-seo-wordpress\/ -->\n<title>Demanda por turbos crescer\u00e1 50% em 5 anos na Am\u00e9rica do Sul - Canal Dana<\/title>\n<meta name=\"robots\" content=\"index, follow, max-snippet:-1, max-image-preview:large, max-video-preview:-1\" \/>\n<link rel=\"canonical\" href=\"https:\/\/dana.com.br\/canaldana\/2016\/10\/20\/demanda-por-turbos-crescera-50-em-5-anos-na-america-do-sul\/\" \/>\n<meta property=\"og:locale\" content=\"pt_BR\" \/>\n<meta property=\"og:type\" content=\"article\" \/>\n<meta property=\"og:title\" content=\"Demanda por turbos crescer\u00e1 50% em 5 anos na Am\u00e9rica do Sul - Canal Dana\" \/>\n<meta property=\"og:description\" content=\"Automotive Business &nbsp; A demanda por turbos dever\u00e1 crescer 50% nos pr\u00f3ximos cinco anos na Am\u00e9rica do Sul, passando da participa\u00e7\u00e3o atual de 20% para 30% no per\u00edodo. \u00c9 com esta proje\u00e7\u00e3o que a Honeywell trabalha na regi\u00e3o, cuja demanda ser\u00e1 impulsionada pelo Brasil, principalmente a partir do segmento de ve\u00edculos leves. A empresa, fabricante\u2026 Leia mais \u00bb\" \/>\n<meta property=\"og:url\" content=\"https:\/\/dana.com.br\/canaldana\/2016\/10\/20\/demanda-por-turbos-crescera-50-em-5-anos-na-america-do-sul\/\" \/>\n<meta property=\"og:site_name\" content=\"Canal Dana\" \/>\n<meta property=\"article:published_time\" content=\"2016-10-20T11:03:52+00:00\" \/>\n<meta name=\"author\" content=\"Canal Dana\" \/>\n<meta name=\"twitter:card\" content=\"summary_large_image\" \/>\n<meta name=\"twitter:label1\" content=\"Escrito por\" \/>\n\t<meta name=\"twitter:data1\" content=\"Canal Dana\" \/>\n\t<meta name=\"twitter:label2\" content=\"Est. tempo de leitura\" \/>\n\t<meta name=\"twitter:data2\" content=\"2 minutos\" \/>\n<script type=\"application\/ld+json\" class=\"yoast-schema-graph\">{\"@context\":\"https:\\\/\\\/schema.org\",\"@graph\":[{\"@type\":\"Article\",\"@id\":\"https:\\\/\\\/dana.com.br\\\/canaldana\\\/2016\\\/10\\\/20\\\/demanda-por-turbos-crescera-50-em-5-anos-na-america-do-sul\\\/#article\",\"isPartOf\":{\"@id\":\"https:\\\/\\\/dana.com.br\\\/canaldana\\\/2016\\\/10\\\/20\\\/demanda-por-turbos-crescera-50-em-5-anos-na-america-do-sul\\\/\"},\"author\":{\"name\":\"Canal Dana\",\"@id\":\"https:\\\/\\\/dana.com.br\\\/canaldana\\\/#\\\/schema\\\/person\\\/3c21f22f56fcf3bc46b94bc60ea4fef6\"},\"headline\":\"Demanda por turbos crescer\u00e1 50% em 5 anos na Am\u00e9rica do Sul\",\"datePublished\":\"2016-10-20T11:03:52+00:00\",\"mainEntityOfPage\":{\"@id\":\"https:\\\/\\\/dana.com.br\\\/canaldana\\\/2016\\\/10\\\/20\\\/demanda-por-turbos-crescera-50-em-5-anos-na-america-do-sul\\\/\"},\"wordCount\":493,\"articleSection\":[\"Destaques\"],\"inLanguage\":\"pt-BR\"},{\"@type\":\"WebPage\",\"@id\":\"https:\\\/\\\/dana.com.br\\\/canaldana\\\/2016\\\/10\\\/20\\\/demanda-por-turbos-crescera-50-em-5-anos-na-america-do-sul\\\/\",\"url\":\"https:\\\/\\\/dana.com.br\\\/canaldana\\\/2016\\\/10\\\/20\\\/demanda-por-turbos-crescera-50-em-5-anos-na-america-do-sul\\\/\",\"name\":\"Demanda por turbos crescer\u00e1 50% em 5 anos na Am\u00e9rica do Sul - Canal Dana\",\"isPartOf\":{\"@id\":\"https:\\\/\\\/dana.com.br\\\/canaldana\\\/#website\"},\"datePublished\":\"2016-10-20T11:03:52+00:00\",\"author\":{\"@id\":\"https:\\\/\\\/dana.com.br\\\/canaldana\\\/#\\\/schema\\\/person\\\/3c21f22f56fcf3bc46b94bc60ea4fef6\"},\"breadcrumb\":{\"@id\":\"https:\\\/\\\/dana.com.br\\\/canaldana\\\/2016\\\/10\\\/20\\\/demanda-por-turbos-crescera-50-em-5-anos-na-america-do-sul\\\/#breadcrumb\"},\"inLanguage\":\"pt-BR\",\"potentialAction\":[{\"@type\":\"ReadAction\",\"target\":[\"https:\\\/\\\/dana.com.br\\\/canaldana\\\/2016\\\/10\\\/20\\\/demanda-por-turbos-crescera-50-em-5-anos-na-america-do-sul\\\/\"]}]},{\"@type\":\"BreadcrumbList\",\"@id\":\"https:\\\/\\\/dana.com.br\\\/canaldana\\\/2016\\\/10\\\/20\\\/demanda-por-turbos-crescera-50-em-5-anos-na-america-do-sul\\\/#breadcrumb\",\"itemListElement\":[{\"@type\":\"ListItem\",\"position\":1,\"name\":\"Home\",\"item\":\"https:\\\/\\\/dana.com.br\\\/canaldana\\\/\"},{\"@type\":\"ListItem\",\"position\":2,\"name\":\"Destaques\",\"item\":\"https:\\\/\\\/dana.com.br\\\/canaldana\\\/destaques\\\/\"},{\"@type\":\"ListItem\",\"position\":3,\"name\":\"Demanda por turbos crescer\u00e1 50% em 5 anos na Am\u00e9rica do Sul\"}]},{\"@type\":\"WebSite\",\"@id\":\"https:\\\/\\\/dana.com.br\\\/canaldana\\\/#website\",\"url\":\"https:\\\/\\\/dana.com.br\\\/canaldana\\\/\",\"name\":\"Canal Dana\",\"description\":\"Informativo com as principais not\u00edcias da ind\u00fastria automotiva\",\"potentialAction\":[{\"@type\":\"SearchAction\",\"target\":{\"@type\":\"EntryPoint\",\"urlTemplate\":\"https:\\\/\\\/dana.com.br\\\/canaldana\\\/?s={search_term_string}\"},\"query-input\":{\"@type\":\"PropertyValueSpecification\",\"valueRequired\":true,\"valueName\":\"search_term_string\"}}],\"inLanguage\":\"pt-BR\"},{\"@type\":\"Person\",\"@id\":\"https:\\\/\\\/dana.com.br\\\/canaldana\\\/#\\\/schema\\\/person\\\/3c21f22f56fcf3bc46b94bc60ea4fef6\",\"name\":\"Canal Dana\",\"image\":{\"@type\":\"ImageObject\",\"inLanguage\":\"pt-BR\",\"@id\":\"https:\\\/\\\/secure.gravatar.com\\\/avatar\\\/420aaf9278582877d9018637c6817617705899d2858d7572ef0fe59a6b6454b4?s=96&d=mm&r=g\",\"url\":\"https:\\\/\\\/secure.gravatar.com\\\/avatar\\\/420aaf9278582877d9018637c6817617705899d2858d7572ef0fe59a6b6454b4?s=96&d=mm&r=g\",\"contentUrl\":\"https:\\\/\\\/secure.gravatar.com\\\/avatar\\\/420aaf9278582877d9018637c6817617705899d2858d7572ef0fe59a6b6454b4?s=96&d=mm&r=g\",\"caption\":\"Canal Dana\"},\"url\":\"https:\\\/\\\/dana.com.br\\\/canaldana\\\/author\\\/cdeditor\\\/\"}]}<\/script>\n<!-- \/ Yoast SEO plugin. -->","yoast_head_json":{"title":"Demanda por turbos crescer\u00e1 50% em 5 anos na Am\u00e9rica do Sul - Canal Dana","robots":{"index":"index","follow":"follow","max-snippet":"max-snippet:-1","max-image-preview":"max-image-preview:large","max-video-preview":"max-video-preview:-1"},"canonical":"https:\/\/dana.com.br\/canaldana\/2016\/10\/20\/demanda-por-turbos-crescera-50-em-5-anos-na-america-do-sul\/","og_locale":"pt_BR","og_type":"article","og_title":"Demanda por turbos crescer\u00e1 50% em 5 anos na Am\u00e9rica do Sul - Canal Dana","og_description":"Automotive Business &nbsp; A demanda por turbos dever\u00e1 crescer 50% nos pr\u00f3ximos cinco anos na Am\u00e9rica do Sul, passando da participa\u00e7\u00e3o atual de 20% para 30% no per\u00edodo. \u00c9 com esta proje\u00e7\u00e3o que a Honeywell trabalha na regi\u00e3o, cuja demanda ser\u00e1 impulsionada pelo Brasil, principalmente a partir do segmento de ve\u00edculos leves. A empresa, fabricante\u2026 Leia mais \u00bb","og_url":"https:\/\/dana.com.br\/canaldana\/2016\/10\/20\/demanda-por-turbos-crescera-50-em-5-anos-na-america-do-sul\/","og_site_name":"Canal Dana","article_published_time":"2016-10-20T11:03:52+00:00","author":"Canal Dana","twitter_card":"summary_large_image","twitter_misc":{"Escrito por":"Canal Dana","Est. tempo de leitura":"2 minutos"},"schema":{"@context":"https:\/\/schema.org","@graph":[{"@type":"Article","@id":"https:\/\/dana.com.br\/canaldana\/2016\/10\/20\/demanda-por-turbos-crescera-50-em-5-anos-na-america-do-sul\/#article","isPartOf":{"@id":"https:\/\/dana.com.br\/canaldana\/2016\/10\/20\/demanda-por-turbos-crescera-50-em-5-anos-na-america-do-sul\/"},"author":{"name":"Canal Dana","@id":"https:\/\/dana.com.br\/canaldana\/#\/schema\/person\/3c21f22f56fcf3bc46b94bc60ea4fef6"},"headline":"Demanda por turbos crescer\u00e1 50% em 5 anos na Am\u00e9rica do Sul","datePublished":"2016-10-20T11:03:52+00:00","mainEntityOfPage":{"@id":"https:\/\/dana.com.br\/canaldana\/2016\/10\/20\/demanda-por-turbos-crescera-50-em-5-anos-na-america-do-sul\/"},"wordCount":493,"articleSection":["Destaques"],"inLanguage":"pt-BR"},{"@type":"WebPage","@id":"https:\/\/dana.com.br\/canaldana\/2016\/10\/20\/demanda-por-turbos-crescera-50-em-5-anos-na-america-do-sul\/","url":"https:\/\/dana.com.br\/canaldana\/2016\/10\/20\/demanda-por-turbos-crescera-50-em-5-anos-na-america-do-sul\/","name":"Demanda por turbos crescer\u00e1 50% em 5 anos na Am\u00e9rica do Sul - Canal Dana","isPartOf":{"@id":"https:\/\/dana.com.br\/canaldana\/#website"},"datePublished":"2016-10-20T11:03:52+00:00","author":{"@id":"https:\/\/dana.com.br\/canaldana\/#\/schema\/person\/3c21f22f56fcf3bc46b94bc60ea4fef6"},"breadcrumb":{"@id":"https:\/\/dana.com.br\/canaldana\/2016\/10\/20\/demanda-por-turbos-crescera-50-em-5-anos-na-america-do-sul\/#breadcrumb"},"inLanguage":"pt-BR","potentialAction":[{"@type":"ReadAction","target":["https:\/\/dana.com.br\/canaldana\/2016\/10\/20\/demanda-por-turbos-crescera-50-em-5-anos-na-america-do-sul\/"]}]},{"@type":"BreadcrumbList","@id":"https:\/\/dana.com.br\/canaldana\/2016\/10\/20\/demanda-por-turbos-crescera-50-em-5-anos-na-america-do-sul\/#breadcrumb","itemListElement":[{"@type":"ListItem","position":1,"name":"Home","item":"https:\/\/dana.com.br\/canaldana\/"},{"@type":"ListItem","position":2,"name":"Destaques","item":"https:\/\/dana.com.br\/canaldana\/destaques\/"},{"@type":"ListItem","position":3,"name":"Demanda por turbos crescer\u00e1 50% em 5 anos na Am\u00e9rica do Sul"}]},{"@type":"WebSite","@id":"https:\/\/dana.com.br\/canaldana\/#website","url":"https:\/\/dana.com.br\/canaldana\/","name":"Canal Dana","description":"Informativo com as principais not\u00edcias da ind\u00fastria automotiva","potentialAction":[{"@type":"SearchAction","target":{"@type":"EntryPoint","urlTemplate":"https:\/\/dana.com.br\/canaldana\/?s={search_term_string}"},"query-input":{"@type":"PropertyValueSpecification","valueRequired":true,"valueName":"search_term_string"}}],"inLanguage":"pt-BR"},{"@type":"Person","@id":"https:\/\/dana.com.br\/canaldana\/#\/schema\/person\/3c21f22f56fcf3bc46b94bc60ea4fef6","name":"Canal Dana","image":{"@type":"ImageObject","inLanguage":"pt-BR","@id":"https:\/\/secure.gravatar.com\/avatar\/420aaf9278582877d9018637c6817617705899d2858d7572ef0fe59a6b6454b4?s=96&d=mm&r=g","url":"https:\/\/secure.gravatar.com\/avatar\/420aaf9278582877d9018637c6817617705899d2858d7572ef0fe59a6b6454b4?s=96&d=mm&r=g","contentUrl":"https:\/\/secure.gravatar.com\/avatar\/420aaf9278582877d9018637c6817617705899d2858d7572ef0fe59a6b6454b4?s=96&d=mm&r=g","caption":"Canal Dana"},"url":"https:\/\/dana.com.br\/canaldana\/author\/cdeditor\/"}]}},"_links":{"self":[{"href":"https:\/\/dana.com.br\/canaldana\/wp-json\/wp\/v2\/posts\/12471","targetHints":{"allow":["GET"]}}],"collection":[{"href":"https:\/\/dana.com.br\/canaldana\/wp-json\/wp\/v2\/posts"}],"about":[{"href":"https:\/\/dana.com.br\/canaldana\/wp-json\/wp\/v2\/types\/post"}],"author":[{"embeddable":true,"href":"https:\/\/dana.com.br\/canaldana\/wp-json\/wp\/v2\/users\/3"}],"replies":[{"embeddable":true,"href":"https:\/\/dana.com.br\/canaldana\/wp-json\/wp\/v2\/comments?post=12471"}],"version-history":[{"count":0,"href":"https:\/\/dana.com.br\/canaldana\/wp-json\/wp\/v2\/posts\/12471\/revisions"}],"wp:attachment":[{"href":"https:\/\/dana.com.br\/canaldana\/wp-json\/wp\/v2\/media?parent=12471"}],"wp:term":[{"taxonomy":"category","embeddable":true,"href":"https:\/\/dana.com.br\/canaldana\/wp-json\/wp\/v2\/categories?post=12471"},{"taxonomy":"post_tag","embeddable":true,"href":"https:\/\/dana.com.br\/canaldana\/wp-json\/wp\/v2\/tags?post=12471"}],"curies":[{"name":"wp","href":"https:\/\/api.w.org\/{rel}","templated":true}]}}