{"id":12075,"date":"2016-10-05T08:07:17","date_gmt":"2016-10-05T11:07:17","guid":{"rendered":"http:\/\/dana.com.br\/canaldana\/?p=12075"},"modified":"2016-10-05T08:07:17","modified_gmt":"2016-10-05T11:07:17","slug":"nao-vinda-do-novo-c3-indica-mudanca-de-rumo-na-citroen-do-brasil","status":"publish","type":"post","link":"https:\/\/dana.com.br\/canaldana\/2016\/10\/05\/nao-vinda-do-novo-c3-indica-mudanca-de-rumo-na-citroen-do-brasil\/","title":{"rendered":"N\u00e3o vinda do novo C3 indica mudan\u00e7a de rumo na Citro\u00ebn do Brasil"},"content":{"rendered":"<p><em>Carplace<\/em><\/p>\n<p>&nbsp;<\/p>\n<p>O enredo \u00e9 bem conhecido dos brasileiros: um carro muda na Europa e a marca logo avisa que ele \u201cficaria caro demais para o mercado nacional\u201d. A bola da vez \u00e9 a terceira gera\u00e7\u00e3o do C3, que acaba de ser apresentada no Sal\u00e3o de Paris. O C3 \u00e9 o carro-chefe e praticamente o s\u00edmbolo da marca no Brasil \u2013 foi com ele que a empresa inaugurou sua linha de produ\u00e7\u00e3o em Porto Real (RJ). Pois bem, depois de duas gera\u00e7\u00f5es acompanhando o modelo europeu, o nosso C3 vai tomar um caminho diferente\u2026<\/p>\n<p>&nbsp;<\/p>\n<p>Qual caminho? N\u00e3o sabemos. A Citr\u00f6en diz apenas que vai lan\u00e7ar uma novidade por ano no Brasil at\u00e9 2021, o que soma cinco novos carros a partir de 2017. No meio deles certamente existe um sucessor para o C3, ou alguma coisa parecida. Uma reestiliza\u00e7\u00e3o inspirada no carro europeu e mantendo a base do carro brasileiro tamb\u00e9m n\u00e3o pode ser descartada. O problema \u00e9 que a Peugeot, do mesmo grupo PSA, fez isso no passado com o 207 no Brasil e se deu mal. Iria a Citro\u00ebn correr o mesmo risco?<\/p>\n<p>&nbsp;<\/p>\n<p>A verdade \u00e9 que as vendas do atual C3 brasileiro, \u00e0s vezes abaixo de 1 mil unidades mensais, n\u00e3o ajudam na decis\u00e3o de fazer o novo por aqui, mesmo que as altera\u00e7\u00f5es n\u00e3o sejam t\u00e3o grandes assim \u2013 o C3 2017 ficou maior e mais refinado, mas usa basicamente a plataforma do Peugeot 208 feito no Rio de Janeiro, bem como a mesma linha de motores Puretech. Para a marca, no entanto, a conta n\u00e3o fecha.<\/p>\n<p>&nbsp;<\/p>\n<p>Fica em aberto, ent\u00e3o, o rumo da Citro\u00ebn no Brasil. Ao que parece, o C3 atual ser\u00e1 mantido por alguns anos e pode entrar na guerra de pre\u00e7os \u2013 ainda mais agora que a PSA posicionou o 208 acima do modelo da Citro\u00ebn. Mas a tend\u00eancia \u00e9 que, com a chegada dos lan\u00e7amentos prometidos para a partir do ano que vem, o C3 deixe de ser o protagonista da marca no pa\u00eds. (Carplace\/Daniel Messeder)<\/p>\n","protected":false},"excerpt":{"rendered":"<p>Carplace &nbsp; O enredo \u00e9 bem conhecido dos brasileiros: um carro muda na Europa e a marca logo avisa que ele \u201cficaria caro demais para o mercado nacional\u201d. A bola da vez \u00e9 a terceira gera\u00e7\u00e3o do C3, que acaba de ser apresentada no Sal\u00e3o de Paris. O C3 \u00e9 o carro-chefe e praticamente o\u2026 <a class=\"readmore\" href=\"https:\/\/dana.com.br\/canaldana\/2016\/10\/05\/nao-vinda-do-novo-c3-indica-mudanca-de-rumo-na-citroen-do-brasil\/\">Leia mais \u00bb<\/a><\/p>\n","protected":false},"author":3,"featured_media":0,"comment_status":"closed","ping_status":"closed","sticky":false,"template":"","format":"standard","meta":{"_acf_changed":false,"footnotes":""},"categories":[62],"tags":[],"class_list":["post-12075","post","type-post","status-publish","format-standard","hentry","category-salao-de-paris"],"acf":[],"yoast_head":"<!-- This site is optimized with the Yoast SEO plugin v27.3 - https:\/\/yoast.com\/product\/yoast-seo-wordpress\/ -->\n<title>N\u00e3o vinda do novo C3 indica mudan\u00e7a de rumo na Citro\u00ebn do Brasil - Canal Dana<\/title>\n<meta name=\"robots\" content=\"index, follow, max-snippet:-1, max-image-preview:large, max-video-preview:-1\" \/>\n<link rel=\"canonical\" href=\"https:\/\/dana.com.br\/canaldana\/2016\/10\/05\/nao-vinda-do-novo-c3-indica-mudanca-de-rumo-na-citroen-do-brasil\/\" \/>\n<meta property=\"og:locale\" content=\"pt_BR\" \/>\n<meta property=\"og:type\" content=\"article\" \/>\n<meta property=\"og:title\" content=\"N\u00e3o vinda do novo C3 indica mudan\u00e7a de rumo na Citro\u00ebn do Brasil - Canal Dana\" \/>\n<meta property=\"og:description\" content=\"Carplace &nbsp; O enredo \u00e9 bem conhecido dos brasileiros: um carro muda na Europa e a marca logo avisa que ele \u201cficaria caro demais para o mercado nacional\u201d. A bola da vez \u00e9 a terceira gera\u00e7\u00e3o do C3, que acaba de ser apresentada no Sal\u00e3o de Paris. O C3 \u00e9 o carro-chefe e praticamente o\u2026 Leia mais \u00bb\" \/>\n<meta property=\"og:url\" content=\"https:\/\/dana.com.br\/canaldana\/2016\/10\/05\/nao-vinda-do-novo-c3-indica-mudanca-de-rumo-na-citroen-do-brasil\/\" \/>\n<meta property=\"og:site_name\" content=\"Canal Dana\" \/>\n<meta property=\"article:published_time\" content=\"2016-10-05T11:07:17+00:00\" \/>\n<meta name=\"author\" content=\"Canal Dana\" \/>\n<meta name=\"twitter:card\" content=\"summary_large_image\" \/>\n<meta name=\"twitter:label1\" content=\"Escrito por\" \/>\n\t<meta name=\"twitter:data1\" content=\"Canal Dana\" \/>\n\t<meta name=\"twitter:label2\" content=\"Est. tempo de leitura\" \/>\n\t<meta name=\"twitter:data2\" content=\"2 minutos\" \/>\n<script type=\"application\/ld+json\" class=\"yoast-schema-graph\">{\"@context\":\"https:\\\/\\\/schema.org\",\"@graph\":[{\"@type\":\"Article\",\"@id\":\"https:\\\/\\\/dana.com.br\\\/canaldana\\\/2016\\\/10\\\/05\\\/nao-vinda-do-novo-c3-indica-mudanca-de-rumo-na-citroen-do-brasil\\\/#article\",\"isPartOf\":{\"@id\":\"https:\\\/\\\/dana.com.br\\\/canaldana\\\/2016\\\/10\\\/05\\\/nao-vinda-do-novo-c3-indica-mudanca-de-rumo-na-citroen-do-brasil\\\/\"},\"author\":{\"name\":\"Canal Dana\",\"@id\":\"https:\\\/\\\/dana.com.br\\\/canaldana\\\/#\\\/schema\\\/person\\\/3c21f22f56fcf3bc46b94bc60ea4fef6\"},\"headline\":\"N\u00e3o vinda do novo C3 indica mudan\u00e7a de rumo na Citro\u00ebn do Brasil\",\"datePublished\":\"2016-10-05T11:07:17+00:00\",\"mainEntityOfPage\":{\"@id\":\"https:\\\/\\\/dana.com.br\\\/canaldana\\\/2016\\\/10\\\/05\\\/nao-vinda-do-novo-c3-indica-mudanca-de-rumo-na-citroen-do-brasil\\\/\"},\"wordCount\":364,\"articleSection\":[\"Sal\u00e3o de Paris\"],\"inLanguage\":\"pt-BR\"},{\"@type\":\"WebPage\",\"@id\":\"https:\\\/\\\/dana.com.br\\\/canaldana\\\/2016\\\/10\\\/05\\\/nao-vinda-do-novo-c3-indica-mudanca-de-rumo-na-citroen-do-brasil\\\/\",\"url\":\"https:\\\/\\\/dana.com.br\\\/canaldana\\\/2016\\\/10\\\/05\\\/nao-vinda-do-novo-c3-indica-mudanca-de-rumo-na-citroen-do-brasil\\\/\",\"name\":\"N\u00e3o vinda do novo C3 indica mudan\u00e7a de rumo na Citro\u00ebn do Brasil - Canal Dana\",\"isPartOf\":{\"@id\":\"https:\\\/\\\/dana.com.br\\\/canaldana\\\/#website\"},\"datePublished\":\"2016-10-05T11:07:17+00:00\",\"author\":{\"@id\":\"https:\\\/\\\/dana.com.br\\\/canaldana\\\/#\\\/schema\\\/person\\\/3c21f22f56fcf3bc46b94bc60ea4fef6\"},\"breadcrumb\":{\"@id\":\"https:\\\/\\\/dana.com.br\\\/canaldana\\\/2016\\\/10\\\/05\\\/nao-vinda-do-novo-c3-indica-mudanca-de-rumo-na-citroen-do-brasil\\\/#breadcrumb\"},\"inLanguage\":\"pt-BR\",\"potentialAction\":[{\"@type\":\"ReadAction\",\"target\":[\"https:\\\/\\\/dana.com.br\\\/canaldana\\\/2016\\\/10\\\/05\\\/nao-vinda-do-novo-c3-indica-mudanca-de-rumo-na-citroen-do-brasil\\\/\"]}]},{\"@type\":\"BreadcrumbList\",\"@id\":\"https:\\\/\\\/dana.com.br\\\/canaldana\\\/2016\\\/10\\\/05\\\/nao-vinda-do-novo-c3-indica-mudanca-de-rumo-na-citroen-do-brasil\\\/#breadcrumb\",\"itemListElement\":[{\"@type\":\"ListItem\",\"position\":1,\"name\":\"Home\",\"item\":\"https:\\\/\\\/dana.com.br\\\/canaldana\\\/\"},{\"@type\":\"ListItem\",\"position\":2,\"name\":\"Sal\u00e3o de Paris\",\"item\":\"https:\\\/\\\/dana.com.br\\\/canaldana\\\/salao-de-paris\\\/\"},{\"@type\":\"ListItem\",\"position\":3,\"name\":\"N\u00e3o vinda do novo C3 indica mudan\u00e7a de rumo na Citro\u00ebn do Brasil\"}]},{\"@type\":\"WebSite\",\"@id\":\"https:\\\/\\\/dana.com.br\\\/canaldana\\\/#website\",\"url\":\"https:\\\/\\\/dana.com.br\\\/canaldana\\\/\",\"name\":\"Canal Dana\",\"description\":\"Informativo com as principais not\u00edcias da ind\u00fastria automotiva\",\"potentialAction\":[{\"@type\":\"SearchAction\",\"target\":{\"@type\":\"EntryPoint\",\"urlTemplate\":\"https:\\\/\\\/dana.com.br\\\/canaldana\\\/?s={search_term_string}\"},\"query-input\":{\"@type\":\"PropertyValueSpecification\",\"valueRequired\":true,\"valueName\":\"search_term_string\"}}],\"inLanguage\":\"pt-BR\"},{\"@type\":\"Person\",\"@id\":\"https:\\\/\\\/dana.com.br\\\/canaldana\\\/#\\\/schema\\\/person\\\/3c21f22f56fcf3bc46b94bc60ea4fef6\",\"name\":\"Canal Dana\",\"image\":{\"@type\":\"ImageObject\",\"inLanguage\":\"pt-BR\",\"@id\":\"https:\\\/\\\/secure.gravatar.com\\\/avatar\\\/420aaf9278582877d9018637c6817617705899d2858d7572ef0fe59a6b6454b4?s=96&d=mm&r=g\",\"url\":\"https:\\\/\\\/secure.gravatar.com\\\/avatar\\\/420aaf9278582877d9018637c6817617705899d2858d7572ef0fe59a6b6454b4?s=96&d=mm&r=g\",\"contentUrl\":\"https:\\\/\\\/secure.gravatar.com\\\/avatar\\\/420aaf9278582877d9018637c6817617705899d2858d7572ef0fe59a6b6454b4?s=96&d=mm&r=g\",\"caption\":\"Canal Dana\"},\"url\":\"https:\\\/\\\/dana.com.br\\\/canaldana\\\/author\\\/cdeditor\\\/\"}]}<\/script>\n<!-- \/ Yoast SEO plugin. -->","yoast_head_json":{"title":"N\u00e3o vinda do novo C3 indica mudan\u00e7a de rumo na Citro\u00ebn do Brasil - Canal Dana","robots":{"index":"index","follow":"follow","max-snippet":"max-snippet:-1","max-image-preview":"max-image-preview:large","max-video-preview":"max-video-preview:-1"},"canonical":"https:\/\/dana.com.br\/canaldana\/2016\/10\/05\/nao-vinda-do-novo-c3-indica-mudanca-de-rumo-na-citroen-do-brasil\/","og_locale":"pt_BR","og_type":"article","og_title":"N\u00e3o vinda do novo C3 indica mudan\u00e7a de rumo na Citro\u00ebn do Brasil - Canal Dana","og_description":"Carplace &nbsp; O enredo \u00e9 bem conhecido dos brasileiros: um carro muda na Europa e a marca logo avisa que ele \u201cficaria caro demais para o mercado nacional\u201d. A bola da vez \u00e9 a terceira gera\u00e7\u00e3o do C3, que acaba de ser apresentada no Sal\u00e3o de Paris. O C3 \u00e9 o carro-chefe e praticamente o\u2026 Leia mais \u00bb","og_url":"https:\/\/dana.com.br\/canaldana\/2016\/10\/05\/nao-vinda-do-novo-c3-indica-mudanca-de-rumo-na-citroen-do-brasil\/","og_site_name":"Canal Dana","article_published_time":"2016-10-05T11:07:17+00:00","author":"Canal Dana","twitter_card":"summary_large_image","twitter_misc":{"Escrito por":"Canal Dana","Est. tempo de leitura":"2 minutos"},"schema":{"@context":"https:\/\/schema.org","@graph":[{"@type":"Article","@id":"https:\/\/dana.com.br\/canaldana\/2016\/10\/05\/nao-vinda-do-novo-c3-indica-mudanca-de-rumo-na-citroen-do-brasil\/#article","isPartOf":{"@id":"https:\/\/dana.com.br\/canaldana\/2016\/10\/05\/nao-vinda-do-novo-c3-indica-mudanca-de-rumo-na-citroen-do-brasil\/"},"author":{"name":"Canal Dana","@id":"https:\/\/dana.com.br\/canaldana\/#\/schema\/person\/3c21f22f56fcf3bc46b94bc60ea4fef6"},"headline":"N\u00e3o vinda do novo C3 indica mudan\u00e7a de rumo na Citro\u00ebn do Brasil","datePublished":"2016-10-05T11:07:17+00:00","mainEntityOfPage":{"@id":"https:\/\/dana.com.br\/canaldana\/2016\/10\/05\/nao-vinda-do-novo-c3-indica-mudanca-de-rumo-na-citroen-do-brasil\/"},"wordCount":364,"articleSection":["Sal\u00e3o de Paris"],"inLanguage":"pt-BR"},{"@type":"WebPage","@id":"https:\/\/dana.com.br\/canaldana\/2016\/10\/05\/nao-vinda-do-novo-c3-indica-mudanca-de-rumo-na-citroen-do-brasil\/","url":"https:\/\/dana.com.br\/canaldana\/2016\/10\/05\/nao-vinda-do-novo-c3-indica-mudanca-de-rumo-na-citroen-do-brasil\/","name":"N\u00e3o vinda do novo C3 indica mudan\u00e7a de rumo na Citro\u00ebn do Brasil - Canal Dana","isPartOf":{"@id":"https:\/\/dana.com.br\/canaldana\/#website"},"datePublished":"2016-10-05T11:07:17+00:00","author":{"@id":"https:\/\/dana.com.br\/canaldana\/#\/schema\/person\/3c21f22f56fcf3bc46b94bc60ea4fef6"},"breadcrumb":{"@id":"https:\/\/dana.com.br\/canaldana\/2016\/10\/05\/nao-vinda-do-novo-c3-indica-mudanca-de-rumo-na-citroen-do-brasil\/#breadcrumb"},"inLanguage":"pt-BR","potentialAction":[{"@type":"ReadAction","target":["https:\/\/dana.com.br\/canaldana\/2016\/10\/05\/nao-vinda-do-novo-c3-indica-mudanca-de-rumo-na-citroen-do-brasil\/"]}]},{"@type":"BreadcrumbList","@id":"https:\/\/dana.com.br\/canaldana\/2016\/10\/05\/nao-vinda-do-novo-c3-indica-mudanca-de-rumo-na-citroen-do-brasil\/#breadcrumb","itemListElement":[{"@type":"ListItem","position":1,"name":"Home","item":"https:\/\/dana.com.br\/canaldana\/"},{"@type":"ListItem","position":2,"name":"Sal\u00e3o de Paris","item":"https:\/\/dana.com.br\/canaldana\/salao-de-paris\/"},{"@type":"ListItem","position":3,"name":"N\u00e3o vinda do novo C3 indica mudan\u00e7a de rumo na Citro\u00ebn do Brasil"}]},{"@type":"WebSite","@id":"https:\/\/dana.com.br\/canaldana\/#website","url":"https:\/\/dana.com.br\/canaldana\/","name":"Canal Dana","description":"Informativo com as principais not\u00edcias da ind\u00fastria automotiva","potentialAction":[{"@type":"SearchAction","target":{"@type":"EntryPoint","urlTemplate":"https:\/\/dana.com.br\/canaldana\/?s={search_term_string}"},"query-input":{"@type":"PropertyValueSpecification","valueRequired":true,"valueName":"search_term_string"}}],"inLanguage":"pt-BR"},{"@type":"Person","@id":"https:\/\/dana.com.br\/canaldana\/#\/schema\/person\/3c21f22f56fcf3bc46b94bc60ea4fef6","name":"Canal Dana","image":{"@type":"ImageObject","inLanguage":"pt-BR","@id":"https:\/\/secure.gravatar.com\/avatar\/420aaf9278582877d9018637c6817617705899d2858d7572ef0fe59a6b6454b4?s=96&d=mm&r=g","url":"https:\/\/secure.gravatar.com\/avatar\/420aaf9278582877d9018637c6817617705899d2858d7572ef0fe59a6b6454b4?s=96&d=mm&r=g","contentUrl":"https:\/\/secure.gravatar.com\/avatar\/420aaf9278582877d9018637c6817617705899d2858d7572ef0fe59a6b6454b4?s=96&d=mm&r=g","caption":"Canal Dana"},"url":"https:\/\/dana.com.br\/canaldana\/author\/cdeditor\/"}]}},"_links":{"self":[{"href":"https:\/\/dana.com.br\/canaldana\/wp-json\/wp\/v2\/posts\/12075","targetHints":{"allow":["GET"]}}],"collection":[{"href":"https:\/\/dana.com.br\/canaldana\/wp-json\/wp\/v2\/posts"}],"about":[{"href":"https:\/\/dana.com.br\/canaldana\/wp-json\/wp\/v2\/types\/post"}],"author":[{"embeddable":true,"href":"https:\/\/dana.com.br\/canaldana\/wp-json\/wp\/v2\/users\/3"}],"replies":[{"embeddable":true,"href":"https:\/\/dana.com.br\/canaldana\/wp-json\/wp\/v2\/comments?post=12075"}],"version-history":[{"count":0,"href":"https:\/\/dana.com.br\/canaldana\/wp-json\/wp\/v2\/posts\/12075\/revisions"}],"wp:attachment":[{"href":"https:\/\/dana.com.br\/canaldana\/wp-json\/wp\/v2\/media?parent=12075"}],"wp:term":[{"taxonomy":"category","embeddable":true,"href":"https:\/\/dana.com.br\/canaldana\/wp-json\/wp\/v2\/categories?post=12075"},{"taxonomy":"post_tag","embeddable":true,"href":"https:\/\/dana.com.br\/canaldana\/wp-json\/wp\/v2\/tags?post=12075"}],"curies":[{"name":"wp","href":"https:\/\/api.w.org\/{rel}","templated":true}]}}