{"id":12073,"date":"2016-10-05T08:06:23","date_gmt":"2016-10-05T11:06:23","guid":{"rendered":"http:\/\/dana.com.br\/canaldana\/?p=12073"},"modified":"2016-10-05T08:06:23","modified_gmt":"2016-10-05T11:06:23","slug":"novo-tipo-seria-a-melhor-oportunidade-da-fiat-entre-os-medios","status":"publish","type":"post","link":"https:\/\/dana.com.br\/canaldana\/2016\/10\/05\/novo-tipo-seria-a-melhor-oportunidade-da-fiat-entre-os-medios\/","title":{"rendered":"Novo Tipo seria a melhor oportunidade da Fiat entre os m\u00e9dios"},"content":{"rendered":"<p><em>Carplace<\/em><\/p>\n<p>&nbsp;<\/p>\n<p>A Fiat tem no novo Tipo sua melhor oportunidade de ganhar espa\u00e7o entre os m\u00e9dios. Pelo que vimos ao vivo no Sal\u00e3o de Paris, o carro \u00e9 bonito, bem acabado, espa\u00e7oso e tem porte imponente \u2013 coisa que faltava ao Linea. Uma pena que o mercado brasileiro em baixa deve fazer com que a marca n\u00e3o o traga para c\u00e1, pelo menos n\u00e3o num futuro pr\u00f3ximo\u2026<\/p>\n<p>&nbsp;<\/p>\n<p>A quest\u00e3o \u00e9 toda sobre investimentos: vale colocar grana num modelo que talvez n\u00e3o emplaque no Brasil? Todos sabemos que o segmento de sed\u00e3s m\u00e9dios por aqui \u00e9 dominado pelos japoneses, e que n\u00e3o seria nada f\u00e1cil para a Fiat posicionar o Tipo contra Civic e Corolla. Mas, pensando na estrat\u00e9gia adotada na Europa, onde ele custa menos que quase todos os rivais diretos, a ideia nos parece vi\u00e1vel.<\/p>\n<p>&nbsp;<\/p>\n<p>O Tipo parte da plataforma small wide utilizada no Brasil pelo Jeep Renegade e pela Fiat Toro, modelos com boa escala de produ\u00e7\u00e3o. Al\u00e9m disso, ele tem projeto mais simples, trazendo, por exemplo, eixo de tor\u00e7\u00e3o na traseira \u2013 mais barato que o sistema independente do Renegade. Poderia tamb\u00e9m usar o conjunto mec\u00e2nico dos utilit\u00e1rios, composto pelo motor 1.8 16V e o c\u00e2mbio autom\u00e1tico de seis marchas, que lhe garantiria bom desempenho sem, novamente, custar caro \u2013 por se tratar de um powertrain j\u00e1 existente.<\/p>\n<p>&nbsp;<\/p>\n<p>Medindo 4,52 m de comprimento por 1,72 m de altura e com entre-eixos de 2,63 m, o Tipo sedan \u00e9 um pouco menor que os atuais Civic e Corolla, mas n\u00e3o fica devendo em termos de espa\u00e7o interno e porta-malas: leva 520 litros de bagagens e acomoda quatro adultos de 1,80 m sem apertos. O acabamento remete ao Renegade, com muitas teclas e comandos em comum, al\u00e9m do painel com a parte superior de espuma injetada, macia ao toque. Volante, ar-condicionado e manopla do c\u00e2mbio tamb\u00e9m s\u00e3o as mesmas.<\/p>\n<p>&nbsp;<\/p>\n<p>Como no antigo Marea, o novo Tipo tamb\u00e9m se desdobra nas vers\u00f5es hatch e perua \u2013 desta vez todos com o mesmo nome. Estrat\u00e9gia da Fiat brasileira, por\u00e9m, \u00e9 investir no compacto X6H, que ter\u00e1 inspira\u00e7\u00e3o visual no Tipo, e depois num crossover compacto abaixo do Renegade. O que n\u00e3o muda o fato de que o Tipo seria o Fiat m\u00e9dio com mais chances de sucesso por aqui desde o Tempra. Quem sabe se os ventos da economia brasileira soprarem a favor mais adiante? (Carplace\/Daniel Messeder)<\/p>\n","protected":false},"excerpt":{"rendered":"<p>Carplace &nbsp; A Fiat tem no novo Tipo sua melhor oportunidade de ganhar espa\u00e7o entre os m\u00e9dios. Pelo que vimos ao vivo no Sal\u00e3o de Paris, o carro \u00e9 bonito, bem acabado, espa\u00e7oso e tem porte imponente \u2013 coisa que faltava ao Linea. Uma pena que o mercado brasileiro em baixa deve fazer com que\u2026 <a class=\"readmore\" href=\"https:\/\/dana.com.br\/canaldana\/2016\/10\/05\/novo-tipo-seria-a-melhor-oportunidade-da-fiat-entre-os-medios\/\">Leia mais \u00bb<\/a><\/p>\n","protected":false},"author":3,"featured_media":0,"comment_status":"closed","ping_status":"closed","sticky":false,"template":"","format":"standard","meta":{"_acf_changed":false,"footnotes":""},"categories":[62],"tags":[],"class_list":["post-12073","post","type-post","status-publish","format-standard","hentry","category-salao-de-paris"],"acf":[],"yoast_head":"<!-- This site is optimized with the Yoast SEO plugin v27.3 - https:\/\/yoast.com\/product\/yoast-seo-wordpress\/ -->\n<title>Novo Tipo seria a melhor oportunidade da Fiat entre os m\u00e9dios - Canal Dana<\/title>\n<meta name=\"robots\" content=\"index, follow, max-snippet:-1, max-image-preview:large, max-video-preview:-1\" \/>\n<link rel=\"canonical\" href=\"https:\/\/dana.com.br\/canaldana\/2016\/10\/05\/novo-tipo-seria-a-melhor-oportunidade-da-fiat-entre-os-medios\/\" \/>\n<meta property=\"og:locale\" content=\"pt_BR\" \/>\n<meta property=\"og:type\" content=\"article\" \/>\n<meta property=\"og:title\" content=\"Novo Tipo seria a melhor oportunidade da Fiat entre os m\u00e9dios - Canal Dana\" \/>\n<meta property=\"og:description\" content=\"Carplace &nbsp; A Fiat tem no novo Tipo sua melhor oportunidade de ganhar espa\u00e7o entre os m\u00e9dios. Pelo que vimos ao vivo no Sal\u00e3o de Paris, o carro \u00e9 bonito, bem acabado, espa\u00e7oso e tem porte imponente \u2013 coisa que faltava ao Linea. Uma pena que o mercado brasileiro em baixa deve fazer com que\u2026 Leia mais \u00bb\" \/>\n<meta property=\"og:url\" content=\"https:\/\/dana.com.br\/canaldana\/2016\/10\/05\/novo-tipo-seria-a-melhor-oportunidade-da-fiat-entre-os-medios\/\" \/>\n<meta property=\"og:site_name\" content=\"Canal Dana\" \/>\n<meta property=\"article:published_time\" content=\"2016-10-05T11:06:23+00:00\" \/>\n<meta name=\"author\" content=\"Canal Dana\" \/>\n<meta name=\"twitter:card\" content=\"summary_large_image\" \/>\n<meta name=\"twitter:label1\" content=\"Escrito por\" \/>\n\t<meta name=\"twitter:data1\" content=\"Canal Dana\" \/>\n\t<meta name=\"twitter:label2\" content=\"Est. tempo de leitura\" \/>\n\t<meta name=\"twitter:data2\" content=\"2 minutos\" \/>\n<script type=\"application\/ld+json\" class=\"yoast-schema-graph\">{\"@context\":\"https:\\\/\\\/schema.org\",\"@graph\":[{\"@type\":\"Article\",\"@id\":\"https:\\\/\\\/dana.com.br\\\/canaldana\\\/2016\\\/10\\\/05\\\/novo-tipo-seria-a-melhor-oportunidade-da-fiat-entre-os-medios\\\/#article\",\"isPartOf\":{\"@id\":\"https:\\\/\\\/dana.com.br\\\/canaldana\\\/2016\\\/10\\\/05\\\/novo-tipo-seria-a-melhor-oportunidade-da-fiat-entre-os-medios\\\/\"},\"author\":{\"name\":\"Canal Dana\",\"@id\":\"https:\\\/\\\/dana.com.br\\\/canaldana\\\/#\\\/schema\\\/person\\\/3c21f22f56fcf3bc46b94bc60ea4fef6\"},\"headline\":\"Novo Tipo seria a melhor oportunidade da Fiat entre os m\u00e9dios\",\"datePublished\":\"2016-10-05T11:06:23+00:00\",\"mainEntityOfPage\":{\"@id\":\"https:\\\/\\\/dana.com.br\\\/canaldana\\\/2016\\\/10\\\/05\\\/novo-tipo-seria-a-melhor-oportunidade-da-fiat-entre-os-medios\\\/\"},\"wordCount\":436,\"articleSection\":[\"Sal\u00e3o de Paris\"],\"inLanguage\":\"pt-BR\"},{\"@type\":\"WebPage\",\"@id\":\"https:\\\/\\\/dana.com.br\\\/canaldana\\\/2016\\\/10\\\/05\\\/novo-tipo-seria-a-melhor-oportunidade-da-fiat-entre-os-medios\\\/\",\"url\":\"https:\\\/\\\/dana.com.br\\\/canaldana\\\/2016\\\/10\\\/05\\\/novo-tipo-seria-a-melhor-oportunidade-da-fiat-entre-os-medios\\\/\",\"name\":\"Novo Tipo seria a melhor oportunidade da Fiat entre os m\u00e9dios - Canal Dana\",\"isPartOf\":{\"@id\":\"https:\\\/\\\/dana.com.br\\\/canaldana\\\/#website\"},\"datePublished\":\"2016-10-05T11:06:23+00:00\",\"author\":{\"@id\":\"https:\\\/\\\/dana.com.br\\\/canaldana\\\/#\\\/schema\\\/person\\\/3c21f22f56fcf3bc46b94bc60ea4fef6\"},\"breadcrumb\":{\"@id\":\"https:\\\/\\\/dana.com.br\\\/canaldana\\\/2016\\\/10\\\/05\\\/novo-tipo-seria-a-melhor-oportunidade-da-fiat-entre-os-medios\\\/#breadcrumb\"},\"inLanguage\":\"pt-BR\",\"potentialAction\":[{\"@type\":\"ReadAction\",\"target\":[\"https:\\\/\\\/dana.com.br\\\/canaldana\\\/2016\\\/10\\\/05\\\/novo-tipo-seria-a-melhor-oportunidade-da-fiat-entre-os-medios\\\/\"]}]},{\"@type\":\"BreadcrumbList\",\"@id\":\"https:\\\/\\\/dana.com.br\\\/canaldana\\\/2016\\\/10\\\/05\\\/novo-tipo-seria-a-melhor-oportunidade-da-fiat-entre-os-medios\\\/#breadcrumb\",\"itemListElement\":[{\"@type\":\"ListItem\",\"position\":1,\"name\":\"Home\",\"item\":\"https:\\\/\\\/dana.com.br\\\/canaldana\\\/\"},{\"@type\":\"ListItem\",\"position\":2,\"name\":\"Sal\u00e3o de Paris\",\"item\":\"https:\\\/\\\/dana.com.br\\\/canaldana\\\/salao-de-paris\\\/\"},{\"@type\":\"ListItem\",\"position\":3,\"name\":\"Novo Tipo seria a melhor oportunidade da Fiat entre os m\u00e9dios\"}]},{\"@type\":\"WebSite\",\"@id\":\"https:\\\/\\\/dana.com.br\\\/canaldana\\\/#website\",\"url\":\"https:\\\/\\\/dana.com.br\\\/canaldana\\\/\",\"name\":\"Canal Dana\",\"description\":\"Informativo com as principais not\u00edcias da ind\u00fastria automotiva\",\"potentialAction\":[{\"@type\":\"SearchAction\",\"target\":{\"@type\":\"EntryPoint\",\"urlTemplate\":\"https:\\\/\\\/dana.com.br\\\/canaldana\\\/?s={search_term_string}\"},\"query-input\":{\"@type\":\"PropertyValueSpecification\",\"valueRequired\":true,\"valueName\":\"search_term_string\"}}],\"inLanguage\":\"pt-BR\"},{\"@type\":\"Person\",\"@id\":\"https:\\\/\\\/dana.com.br\\\/canaldana\\\/#\\\/schema\\\/person\\\/3c21f22f56fcf3bc46b94bc60ea4fef6\",\"name\":\"Canal Dana\",\"image\":{\"@type\":\"ImageObject\",\"inLanguage\":\"pt-BR\",\"@id\":\"https:\\\/\\\/secure.gravatar.com\\\/avatar\\\/420aaf9278582877d9018637c6817617705899d2858d7572ef0fe59a6b6454b4?s=96&d=mm&r=g\",\"url\":\"https:\\\/\\\/secure.gravatar.com\\\/avatar\\\/420aaf9278582877d9018637c6817617705899d2858d7572ef0fe59a6b6454b4?s=96&d=mm&r=g\",\"contentUrl\":\"https:\\\/\\\/secure.gravatar.com\\\/avatar\\\/420aaf9278582877d9018637c6817617705899d2858d7572ef0fe59a6b6454b4?s=96&d=mm&r=g\",\"caption\":\"Canal Dana\"},\"url\":\"https:\\\/\\\/dana.com.br\\\/canaldana\\\/author\\\/cdeditor\\\/\"}]}<\/script>\n<!-- \/ Yoast SEO plugin. -->","yoast_head_json":{"title":"Novo Tipo seria a melhor oportunidade da Fiat entre os m\u00e9dios - Canal Dana","robots":{"index":"index","follow":"follow","max-snippet":"max-snippet:-1","max-image-preview":"max-image-preview:large","max-video-preview":"max-video-preview:-1"},"canonical":"https:\/\/dana.com.br\/canaldana\/2016\/10\/05\/novo-tipo-seria-a-melhor-oportunidade-da-fiat-entre-os-medios\/","og_locale":"pt_BR","og_type":"article","og_title":"Novo Tipo seria a melhor oportunidade da Fiat entre os m\u00e9dios - Canal Dana","og_description":"Carplace &nbsp; A Fiat tem no novo Tipo sua melhor oportunidade de ganhar espa\u00e7o entre os m\u00e9dios. Pelo que vimos ao vivo no Sal\u00e3o de Paris, o carro \u00e9 bonito, bem acabado, espa\u00e7oso e tem porte imponente \u2013 coisa que faltava ao Linea. Uma pena que o mercado brasileiro em baixa deve fazer com que\u2026 Leia mais \u00bb","og_url":"https:\/\/dana.com.br\/canaldana\/2016\/10\/05\/novo-tipo-seria-a-melhor-oportunidade-da-fiat-entre-os-medios\/","og_site_name":"Canal Dana","article_published_time":"2016-10-05T11:06:23+00:00","author":"Canal Dana","twitter_card":"summary_large_image","twitter_misc":{"Escrito por":"Canal Dana","Est. tempo de leitura":"2 minutos"},"schema":{"@context":"https:\/\/schema.org","@graph":[{"@type":"Article","@id":"https:\/\/dana.com.br\/canaldana\/2016\/10\/05\/novo-tipo-seria-a-melhor-oportunidade-da-fiat-entre-os-medios\/#article","isPartOf":{"@id":"https:\/\/dana.com.br\/canaldana\/2016\/10\/05\/novo-tipo-seria-a-melhor-oportunidade-da-fiat-entre-os-medios\/"},"author":{"name":"Canal Dana","@id":"https:\/\/dana.com.br\/canaldana\/#\/schema\/person\/3c21f22f56fcf3bc46b94bc60ea4fef6"},"headline":"Novo Tipo seria a melhor oportunidade da Fiat entre os m\u00e9dios","datePublished":"2016-10-05T11:06:23+00:00","mainEntityOfPage":{"@id":"https:\/\/dana.com.br\/canaldana\/2016\/10\/05\/novo-tipo-seria-a-melhor-oportunidade-da-fiat-entre-os-medios\/"},"wordCount":436,"articleSection":["Sal\u00e3o de Paris"],"inLanguage":"pt-BR"},{"@type":"WebPage","@id":"https:\/\/dana.com.br\/canaldana\/2016\/10\/05\/novo-tipo-seria-a-melhor-oportunidade-da-fiat-entre-os-medios\/","url":"https:\/\/dana.com.br\/canaldana\/2016\/10\/05\/novo-tipo-seria-a-melhor-oportunidade-da-fiat-entre-os-medios\/","name":"Novo Tipo seria a melhor oportunidade da Fiat entre os m\u00e9dios - Canal Dana","isPartOf":{"@id":"https:\/\/dana.com.br\/canaldana\/#website"},"datePublished":"2016-10-05T11:06:23+00:00","author":{"@id":"https:\/\/dana.com.br\/canaldana\/#\/schema\/person\/3c21f22f56fcf3bc46b94bc60ea4fef6"},"breadcrumb":{"@id":"https:\/\/dana.com.br\/canaldana\/2016\/10\/05\/novo-tipo-seria-a-melhor-oportunidade-da-fiat-entre-os-medios\/#breadcrumb"},"inLanguage":"pt-BR","potentialAction":[{"@type":"ReadAction","target":["https:\/\/dana.com.br\/canaldana\/2016\/10\/05\/novo-tipo-seria-a-melhor-oportunidade-da-fiat-entre-os-medios\/"]}]},{"@type":"BreadcrumbList","@id":"https:\/\/dana.com.br\/canaldana\/2016\/10\/05\/novo-tipo-seria-a-melhor-oportunidade-da-fiat-entre-os-medios\/#breadcrumb","itemListElement":[{"@type":"ListItem","position":1,"name":"Home","item":"https:\/\/dana.com.br\/canaldana\/"},{"@type":"ListItem","position":2,"name":"Sal\u00e3o de Paris","item":"https:\/\/dana.com.br\/canaldana\/salao-de-paris\/"},{"@type":"ListItem","position":3,"name":"Novo Tipo seria a melhor oportunidade da Fiat entre os m\u00e9dios"}]},{"@type":"WebSite","@id":"https:\/\/dana.com.br\/canaldana\/#website","url":"https:\/\/dana.com.br\/canaldana\/","name":"Canal Dana","description":"Informativo com as principais not\u00edcias da ind\u00fastria automotiva","potentialAction":[{"@type":"SearchAction","target":{"@type":"EntryPoint","urlTemplate":"https:\/\/dana.com.br\/canaldana\/?s={search_term_string}"},"query-input":{"@type":"PropertyValueSpecification","valueRequired":true,"valueName":"search_term_string"}}],"inLanguage":"pt-BR"},{"@type":"Person","@id":"https:\/\/dana.com.br\/canaldana\/#\/schema\/person\/3c21f22f56fcf3bc46b94bc60ea4fef6","name":"Canal Dana","image":{"@type":"ImageObject","inLanguage":"pt-BR","@id":"https:\/\/secure.gravatar.com\/avatar\/420aaf9278582877d9018637c6817617705899d2858d7572ef0fe59a6b6454b4?s=96&d=mm&r=g","url":"https:\/\/secure.gravatar.com\/avatar\/420aaf9278582877d9018637c6817617705899d2858d7572ef0fe59a6b6454b4?s=96&d=mm&r=g","contentUrl":"https:\/\/secure.gravatar.com\/avatar\/420aaf9278582877d9018637c6817617705899d2858d7572ef0fe59a6b6454b4?s=96&d=mm&r=g","caption":"Canal Dana"},"url":"https:\/\/dana.com.br\/canaldana\/author\/cdeditor\/"}]}},"_links":{"self":[{"href":"https:\/\/dana.com.br\/canaldana\/wp-json\/wp\/v2\/posts\/12073","targetHints":{"allow":["GET"]}}],"collection":[{"href":"https:\/\/dana.com.br\/canaldana\/wp-json\/wp\/v2\/posts"}],"about":[{"href":"https:\/\/dana.com.br\/canaldana\/wp-json\/wp\/v2\/types\/post"}],"author":[{"embeddable":true,"href":"https:\/\/dana.com.br\/canaldana\/wp-json\/wp\/v2\/users\/3"}],"replies":[{"embeddable":true,"href":"https:\/\/dana.com.br\/canaldana\/wp-json\/wp\/v2\/comments?post=12073"}],"version-history":[{"count":0,"href":"https:\/\/dana.com.br\/canaldana\/wp-json\/wp\/v2\/posts\/12073\/revisions"}],"wp:attachment":[{"href":"https:\/\/dana.com.br\/canaldana\/wp-json\/wp\/v2\/media?parent=12073"}],"wp:term":[{"taxonomy":"category","embeddable":true,"href":"https:\/\/dana.com.br\/canaldana\/wp-json\/wp\/v2\/categories?post=12073"},{"taxonomy":"post_tag","embeddable":true,"href":"https:\/\/dana.com.br\/canaldana\/wp-json\/wp\/v2\/tags?post=12073"}],"curies":[{"name":"wp","href":"https:\/\/api.w.org\/{rel}","templated":true}]}}