{"id":12004,"date":"2016-10-03T08:12:44","date_gmt":"2016-10-03T11:12:44","guid":{"rendered":"http:\/\/dana.com.br\/canaldana\/?p=12004"},"modified":"2016-10-03T08:12:44","modified_gmt":"2016-10-03T11:12:44","slug":"renault-lanca-eletrico-com-autonomia-de-400-quilometros","status":"publish","type":"post","link":"https:\/\/dana.com.br\/canaldana\/2016\/10\/03\/renault-lanca-eletrico-com-autonomia-de-400-quilometros\/","title":{"rendered":"Renault lan\u00e7a el\u00e9trico com autonomia de 400 quil\u00f4metros"},"content":{"rendered":"<p><em>Jornal do Carro<\/em><\/p>\n<p>&nbsp;<\/p>\n<p>O Zoe 40, uma das atra\u00e7\u00f5es da Renault no Sal\u00e3o de Paris, que come\u00e7ou neste s\u00e1bado (1\u00ba), mostra o engajamento da montadora na massifica\u00e7\u00e3o do carro el\u00e9trico. A alian\u00e7a Renault Nissan, da qual faz parte a marca, \u00e9 l\u00edder mundial nesse segmento.<\/p>\n<p>&nbsp;<\/p>\n<p>A nova vers\u00e3o do hatch, que j\u00e1 est\u00e1 chegando \u00e0s lojas europeias, tem autonomia declarada de 400 quil\u00f4metros, o dobro da \u00fanica configura\u00e7\u00e3o que estava dispon\u00edvel at\u00e9 ent\u00e3o, e que continua \u00e0 venda. &#8220;Esse foi o n\u00famero obtido em testes. Em condi\u00e7\u00f5es reais, o modelo chegar\u00e1 facilmente aos 300 km&#8221;, disse o presidente da montadora, Carlos Ghosn.<\/p>\n<p>&nbsp;<\/p>\n<p>As &#8220;condi\u00e7\u00f5es reais&#8221; significam um circuito combinado de cidade e estradas. Para obter a autonomia extra, a Renault incorporou ao carro um novo pack de baterias, com pot\u00eancia de 44 kWh &#8211; ante os 22 kWh do Zoe de entrada.<\/p>\n<p>&nbsp;<\/p>\n<p>Conforme a Renault, esse novo pack n\u00e3o representou aumento significativo de peso para o Zoe 40. Al\u00e9m disso, o tempo de recarga \u00e9 o mesmo. Para ter 80 km de autonomia, por exemplo, s\u00e3o necess\u00e1rias meia hora de recarga em esta\u00e7\u00f5es de postos instalados pela Europa.<\/p>\n<p>&nbsp;<\/p>\n<p>Para Ghosn, a eletrifica\u00e7\u00e3o \u00e9 inevit\u00e1vel no futuro do autom\u00f3vel. Ele ressaltou a import\u00e2ncia dos incentivos governamentais, algo que ainda \u00e9 bastante prec\u00e1rio no Brasil. Por isso, o executivo acredita que o carro el\u00e9trico ainda \u00e9 uma realidade bem distante no Pa\u00eds.<\/p>\n<p>&nbsp;<\/p>\n<p>&#8220;A China, tamb\u00e9m por causa do investimento das pequenas empresas locais em carros el\u00e9tricos, j\u00e1 \u00e9 l\u00edder mundial no segmento&#8221;, falou. &#8220;E essa lideran\u00e7a dever\u00e1 ser ampliada, porque os incentivos governamentais s\u00e3o muito bons no pa\u00eds&#8221;. (Jornal do Carro)<\/p>\n","protected":false},"excerpt":{"rendered":"<p>Jornal do Carro &nbsp; O Zoe 40, uma das atra\u00e7\u00f5es da Renault no Sal\u00e3o de Paris, que come\u00e7ou neste s\u00e1bado (1\u00ba), mostra o engajamento da montadora na massifica\u00e7\u00e3o do carro el\u00e9trico. A alian\u00e7a Renault Nissan, da qual faz parte a marca, \u00e9 l\u00edder mundial nesse segmento. &nbsp; A nova vers\u00e3o do hatch, que j\u00e1 est\u00e1\u2026 <a class=\"readmore\" href=\"https:\/\/dana.com.br\/canaldana\/2016\/10\/03\/renault-lanca-eletrico-com-autonomia-de-400-quilometros\/\">Leia mais \u00bb<\/a><\/p>\n","protected":false},"author":3,"featured_media":0,"comment_status":"closed","ping_status":"closed","sticky":false,"template":"","format":"standard","meta":{"_acf_changed":false,"footnotes":""},"categories":[62],"tags":[],"class_list":["post-12004","post","type-post","status-publish","format-standard","hentry","category-salao-de-paris"],"acf":[],"yoast_head":"<!-- This site is optimized with the Yoast SEO plugin v27.3 - https:\/\/yoast.com\/product\/yoast-seo-wordpress\/ -->\n<title>Renault lan\u00e7a el\u00e9trico com autonomia de 400 quil\u00f4metros - Canal Dana<\/title>\n<meta name=\"robots\" content=\"index, follow, max-snippet:-1, max-image-preview:large, max-video-preview:-1\" \/>\n<link rel=\"canonical\" href=\"https:\/\/dana.com.br\/canaldana\/2016\/10\/03\/renault-lanca-eletrico-com-autonomia-de-400-quilometros\/\" \/>\n<meta property=\"og:locale\" content=\"pt_BR\" \/>\n<meta property=\"og:type\" content=\"article\" \/>\n<meta property=\"og:title\" content=\"Renault lan\u00e7a el\u00e9trico com autonomia de 400 quil\u00f4metros - Canal Dana\" \/>\n<meta property=\"og:description\" content=\"Jornal do Carro &nbsp; O Zoe 40, uma das atra\u00e7\u00f5es da Renault no Sal\u00e3o de Paris, que come\u00e7ou neste s\u00e1bado (1\u00ba), mostra o engajamento da montadora na massifica\u00e7\u00e3o do carro el\u00e9trico. A alian\u00e7a Renault Nissan, da qual faz parte a marca, \u00e9 l\u00edder mundial nesse segmento. &nbsp; A nova vers\u00e3o do hatch, que j\u00e1 est\u00e1\u2026 Leia mais \u00bb\" \/>\n<meta property=\"og:url\" content=\"https:\/\/dana.com.br\/canaldana\/2016\/10\/03\/renault-lanca-eletrico-com-autonomia-de-400-quilometros\/\" \/>\n<meta property=\"og:site_name\" content=\"Canal Dana\" \/>\n<meta property=\"article:published_time\" content=\"2016-10-03T11:12:44+00:00\" \/>\n<meta name=\"author\" content=\"Canal Dana\" \/>\n<meta name=\"twitter:card\" content=\"summary_large_image\" \/>\n<meta name=\"twitter:label1\" content=\"Escrito por\" \/>\n\t<meta name=\"twitter:data1\" content=\"Canal Dana\" \/>\n\t<meta name=\"twitter:label2\" content=\"Est. tempo de leitura\" \/>\n\t<meta name=\"twitter:data2\" content=\"1 minuto\" \/>\n<script type=\"application\/ld+json\" class=\"yoast-schema-graph\">{\"@context\":\"https:\\\/\\\/schema.org\",\"@graph\":[{\"@type\":\"Article\",\"@id\":\"https:\\\/\\\/dana.com.br\\\/canaldana\\\/2016\\\/10\\\/03\\\/renault-lanca-eletrico-com-autonomia-de-400-quilometros\\\/#article\",\"isPartOf\":{\"@id\":\"https:\\\/\\\/dana.com.br\\\/canaldana\\\/2016\\\/10\\\/03\\\/renault-lanca-eletrico-com-autonomia-de-400-quilometros\\\/\"},\"author\":{\"name\":\"Canal Dana\",\"@id\":\"https:\\\/\\\/dana.com.br\\\/canaldana\\\/#\\\/schema\\\/person\\\/3c21f22f56fcf3bc46b94bc60ea4fef6\"},\"headline\":\"Renault lan\u00e7a el\u00e9trico com autonomia de 400 quil\u00f4metros\",\"datePublished\":\"2016-10-03T11:12:44+00:00\",\"mainEntityOfPage\":{\"@id\":\"https:\\\/\\\/dana.com.br\\\/canaldana\\\/2016\\\/10\\\/03\\\/renault-lanca-eletrico-com-autonomia-de-400-quilometros\\\/\"},\"wordCount\":305,\"articleSection\":[\"Sal\u00e3o de Paris\"],\"inLanguage\":\"pt-BR\"},{\"@type\":\"WebPage\",\"@id\":\"https:\\\/\\\/dana.com.br\\\/canaldana\\\/2016\\\/10\\\/03\\\/renault-lanca-eletrico-com-autonomia-de-400-quilometros\\\/\",\"url\":\"https:\\\/\\\/dana.com.br\\\/canaldana\\\/2016\\\/10\\\/03\\\/renault-lanca-eletrico-com-autonomia-de-400-quilometros\\\/\",\"name\":\"Renault lan\u00e7a el\u00e9trico com autonomia de 400 quil\u00f4metros - Canal Dana\",\"isPartOf\":{\"@id\":\"https:\\\/\\\/dana.com.br\\\/canaldana\\\/#website\"},\"datePublished\":\"2016-10-03T11:12:44+00:00\",\"author\":{\"@id\":\"https:\\\/\\\/dana.com.br\\\/canaldana\\\/#\\\/schema\\\/person\\\/3c21f22f56fcf3bc46b94bc60ea4fef6\"},\"breadcrumb\":{\"@id\":\"https:\\\/\\\/dana.com.br\\\/canaldana\\\/2016\\\/10\\\/03\\\/renault-lanca-eletrico-com-autonomia-de-400-quilometros\\\/#breadcrumb\"},\"inLanguage\":\"pt-BR\",\"potentialAction\":[{\"@type\":\"ReadAction\",\"target\":[\"https:\\\/\\\/dana.com.br\\\/canaldana\\\/2016\\\/10\\\/03\\\/renault-lanca-eletrico-com-autonomia-de-400-quilometros\\\/\"]}]},{\"@type\":\"BreadcrumbList\",\"@id\":\"https:\\\/\\\/dana.com.br\\\/canaldana\\\/2016\\\/10\\\/03\\\/renault-lanca-eletrico-com-autonomia-de-400-quilometros\\\/#breadcrumb\",\"itemListElement\":[{\"@type\":\"ListItem\",\"position\":1,\"name\":\"Home\",\"item\":\"https:\\\/\\\/dana.com.br\\\/canaldana\\\/\"},{\"@type\":\"ListItem\",\"position\":2,\"name\":\"Sal\u00e3o de Paris\",\"item\":\"https:\\\/\\\/dana.com.br\\\/canaldana\\\/salao-de-paris\\\/\"},{\"@type\":\"ListItem\",\"position\":3,\"name\":\"Renault lan\u00e7a el\u00e9trico com autonomia de 400 quil\u00f4metros\"}]},{\"@type\":\"WebSite\",\"@id\":\"https:\\\/\\\/dana.com.br\\\/canaldana\\\/#website\",\"url\":\"https:\\\/\\\/dana.com.br\\\/canaldana\\\/\",\"name\":\"Canal Dana\",\"description\":\"Informativo com as principais not\u00edcias da ind\u00fastria automotiva\",\"potentialAction\":[{\"@type\":\"SearchAction\",\"target\":{\"@type\":\"EntryPoint\",\"urlTemplate\":\"https:\\\/\\\/dana.com.br\\\/canaldana\\\/?s={search_term_string}\"},\"query-input\":{\"@type\":\"PropertyValueSpecification\",\"valueRequired\":true,\"valueName\":\"search_term_string\"}}],\"inLanguage\":\"pt-BR\"},{\"@type\":\"Person\",\"@id\":\"https:\\\/\\\/dana.com.br\\\/canaldana\\\/#\\\/schema\\\/person\\\/3c21f22f56fcf3bc46b94bc60ea4fef6\",\"name\":\"Canal Dana\",\"image\":{\"@type\":\"ImageObject\",\"inLanguage\":\"pt-BR\",\"@id\":\"https:\\\/\\\/secure.gravatar.com\\\/avatar\\\/420aaf9278582877d9018637c6817617705899d2858d7572ef0fe59a6b6454b4?s=96&d=mm&r=g\",\"url\":\"https:\\\/\\\/secure.gravatar.com\\\/avatar\\\/420aaf9278582877d9018637c6817617705899d2858d7572ef0fe59a6b6454b4?s=96&d=mm&r=g\",\"contentUrl\":\"https:\\\/\\\/secure.gravatar.com\\\/avatar\\\/420aaf9278582877d9018637c6817617705899d2858d7572ef0fe59a6b6454b4?s=96&d=mm&r=g\",\"caption\":\"Canal Dana\"},\"url\":\"https:\\\/\\\/dana.com.br\\\/canaldana\\\/author\\\/cdeditor\\\/\"}]}<\/script>\n<!-- \/ Yoast SEO plugin. -->","yoast_head_json":{"title":"Renault lan\u00e7a el\u00e9trico com autonomia de 400 quil\u00f4metros - Canal Dana","robots":{"index":"index","follow":"follow","max-snippet":"max-snippet:-1","max-image-preview":"max-image-preview:large","max-video-preview":"max-video-preview:-1"},"canonical":"https:\/\/dana.com.br\/canaldana\/2016\/10\/03\/renault-lanca-eletrico-com-autonomia-de-400-quilometros\/","og_locale":"pt_BR","og_type":"article","og_title":"Renault lan\u00e7a el\u00e9trico com autonomia de 400 quil\u00f4metros - Canal Dana","og_description":"Jornal do Carro &nbsp; O Zoe 40, uma das atra\u00e7\u00f5es da Renault no Sal\u00e3o de Paris, que come\u00e7ou neste s\u00e1bado (1\u00ba), mostra o engajamento da montadora na massifica\u00e7\u00e3o do carro el\u00e9trico. A alian\u00e7a Renault Nissan, da qual faz parte a marca, \u00e9 l\u00edder mundial nesse segmento. &nbsp; A nova vers\u00e3o do hatch, que j\u00e1 est\u00e1\u2026 Leia mais \u00bb","og_url":"https:\/\/dana.com.br\/canaldana\/2016\/10\/03\/renault-lanca-eletrico-com-autonomia-de-400-quilometros\/","og_site_name":"Canal Dana","article_published_time":"2016-10-03T11:12:44+00:00","author":"Canal Dana","twitter_card":"summary_large_image","twitter_misc":{"Escrito por":"Canal Dana","Est. tempo de leitura":"1 minuto"},"schema":{"@context":"https:\/\/schema.org","@graph":[{"@type":"Article","@id":"https:\/\/dana.com.br\/canaldana\/2016\/10\/03\/renault-lanca-eletrico-com-autonomia-de-400-quilometros\/#article","isPartOf":{"@id":"https:\/\/dana.com.br\/canaldana\/2016\/10\/03\/renault-lanca-eletrico-com-autonomia-de-400-quilometros\/"},"author":{"name":"Canal Dana","@id":"https:\/\/dana.com.br\/canaldana\/#\/schema\/person\/3c21f22f56fcf3bc46b94bc60ea4fef6"},"headline":"Renault lan\u00e7a el\u00e9trico com autonomia de 400 quil\u00f4metros","datePublished":"2016-10-03T11:12:44+00:00","mainEntityOfPage":{"@id":"https:\/\/dana.com.br\/canaldana\/2016\/10\/03\/renault-lanca-eletrico-com-autonomia-de-400-quilometros\/"},"wordCount":305,"articleSection":["Sal\u00e3o de Paris"],"inLanguage":"pt-BR"},{"@type":"WebPage","@id":"https:\/\/dana.com.br\/canaldana\/2016\/10\/03\/renault-lanca-eletrico-com-autonomia-de-400-quilometros\/","url":"https:\/\/dana.com.br\/canaldana\/2016\/10\/03\/renault-lanca-eletrico-com-autonomia-de-400-quilometros\/","name":"Renault lan\u00e7a el\u00e9trico com autonomia de 400 quil\u00f4metros - Canal Dana","isPartOf":{"@id":"https:\/\/dana.com.br\/canaldana\/#website"},"datePublished":"2016-10-03T11:12:44+00:00","author":{"@id":"https:\/\/dana.com.br\/canaldana\/#\/schema\/person\/3c21f22f56fcf3bc46b94bc60ea4fef6"},"breadcrumb":{"@id":"https:\/\/dana.com.br\/canaldana\/2016\/10\/03\/renault-lanca-eletrico-com-autonomia-de-400-quilometros\/#breadcrumb"},"inLanguage":"pt-BR","potentialAction":[{"@type":"ReadAction","target":["https:\/\/dana.com.br\/canaldana\/2016\/10\/03\/renault-lanca-eletrico-com-autonomia-de-400-quilometros\/"]}]},{"@type":"BreadcrumbList","@id":"https:\/\/dana.com.br\/canaldana\/2016\/10\/03\/renault-lanca-eletrico-com-autonomia-de-400-quilometros\/#breadcrumb","itemListElement":[{"@type":"ListItem","position":1,"name":"Home","item":"https:\/\/dana.com.br\/canaldana\/"},{"@type":"ListItem","position":2,"name":"Sal\u00e3o de Paris","item":"https:\/\/dana.com.br\/canaldana\/salao-de-paris\/"},{"@type":"ListItem","position":3,"name":"Renault lan\u00e7a el\u00e9trico com autonomia de 400 quil\u00f4metros"}]},{"@type":"WebSite","@id":"https:\/\/dana.com.br\/canaldana\/#website","url":"https:\/\/dana.com.br\/canaldana\/","name":"Canal Dana","description":"Informativo com as principais not\u00edcias da ind\u00fastria automotiva","potentialAction":[{"@type":"SearchAction","target":{"@type":"EntryPoint","urlTemplate":"https:\/\/dana.com.br\/canaldana\/?s={search_term_string}"},"query-input":{"@type":"PropertyValueSpecification","valueRequired":true,"valueName":"search_term_string"}}],"inLanguage":"pt-BR"},{"@type":"Person","@id":"https:\/\/dana.com.br\/canaldana\/#\/schema\/person\/3c21f22f56fcf3bc46b94bc60ea4fef6","name":"Canal Dana","image":{"@type":"ImageObject","inLanguage":"pt-BR","@id":"https:\/\/secure.gravatar.com\/avatar\/420aaf9278582877d9018637c6817617705899d2858d7572ef0fe59a6b6454b4?s=96&d=mm&r=g","url":"https:\/\/secure.gravatar.com\/avatar\/420aaf9278582877d9018637c6817617705899d2858d7572ef0fe59a6b6454b4?s=96&d=mm&r=g","contentUrl":"https:\/\/secure.gravatar.com\/avatar\/420aaf9278582877d9018637c6817617705899d2858d7572ef0fe59a6b6454b4?s=96&d=mm&r=g","caption":"Canal Dana"},"url":"https:\/\/dana.com.br\/canaldana\/author\/cdeditor\/"}]}},"_links":{"self":[{"href":"https:\/\/dana.com.br\/canaldana\/wp-json\/wp\/v2\/posts\/12004","targetHints":{"allow":["GET"]}}],"collection":[{"href":"https:\/\/dana.com.br\/canaldana\/wp-json\/wp\/v2\/posts"}],"about":[{"href":"https:\/\/dana.com.br\/canaldana\/wp-json\/wp\/v2\/types\/post"}],"author":[{"embeddable":true,"href":"https:\/\/dana.com.br\/canaldana\/wp-json\/wp\/v2\/users\/3"}],"replies":[{"embeddable":true,"href":"https:\/\/dana.com.br\/canaldana\/wp-json\/wp\/v2\/comments?post=12004"}],"version-history":[{"count":0,"href":"https:\/\/dana.com.br\/canaldana\/wp-json\/wp\/v2\/posts\/12004\/revisions"}],"wp:attachment":[{"href":"https:\/\/dana.com.br\/canaldana\/wp-json\/wp\/v2\/media?parent=12004"}],"wp:term":[{"taxonomy":"category","embeddable":true,"href":"https:\/\/dana.com.br\/canaldana\/wp-json\/wp\/v2\/categories?post=12004"},{"taxonomy":"post_tag","embeddable":true,"href":"https:\/\/dana.com.br\/canaldana\/wp-json\/wp\/v2\/tags?post=12004"}],"curies":[{"name":"wp","href":"https:\/\/api.w.org\/{rel}","templated":true}]}}