{"id":11953,"date":"2016-09-30T08:36:36","date_gmt":"2016-09-30T11:36:36","guid":{"rendered":"http:\/\/dana.com.br\/canaldana\/?p=11953"},"modified":"2016-09-30T08:36:36","modified_gmt":"2016-09-30T11:36:36","slug":"mercedes-benz-apresenta-conceito-generation-eq-com-autonomia-para-500-km","status":"publish","type":"post","link":"https:\/\/dana.com.br\/canaldana\/2016\/09\/30\/mercedes-benz-apresenta-conceito-generation-eq-com-autonomia-para-500-km\/","title":{"rendered":"Mercedes-Benz apresenta conceito Generation EQ, com autonomia para 500 km"},"content":{"rendered":"<p><em>Jornal do Carro<\/em><\/p>\n<p>&nbsp;<\/p>\n<p>A Mercedes-Benz finalmente revelou o conceito Generation EQ, misto de utilit\u00e1rio esportivo e cup\u00ea que antecipa uma nova fam\u00edlia de ve\u00edculos el\u00e9tricos sob a marca EQ.<\/p>\n<p>&nbsp;<\/p>\n<p>A for\u00e7a \u00e9 gerada por um par de motores el\u00e9tricos, que produz 408 cavalos de pot\u00eancia e 71,4 mkgf de torque. E distribu\u00edda pelas quatro rodas.<\/p>\n<p>&nbsp;<\/p>\n<p>A Mercedes anuncia autonomia de at\u00e9 500 quil\u00f4metros. As baterias de \u00edons de l\u00edtio s\u00e3o feitas pelo pr\u00f3prio grupo Daimler, e produzem 70 kWh de pot\u00eancia. Elas ficam instaladas entre os eixos. A Mercedes afirma que o conceito \u00e9 capaz de acelerar de 0 a 100 km\/h em menos de 5 segundos.<\/p>\n<p>&nbsp;<\/p>\n<p>A empresa alem\u00e3 optou por um SUV para ser o primeiro de sua fam\u00edlia de modelos el\u00e9tricos porque o segmento est\u00e1 ganhando popularidade.<\/p>\n<p>&nbsp;<\/p>\n<p>A principal caracter\u00edstica de estilo de todos os futuros modelos da fam\u00edlia Generation EQ \u00e9 a grande dianteira negra, que engloba todas as luzes frontais e a estrela iluminada da marca.<\/p>\n<p>&nbsp;<\/p>\n<p>A cabine tem quatro assentos individuais, que incorporam alto-falantes no apoio de cabe\u00e7a.<\/p>\n<p>&nbsp;<\/p>\n<p>H\u00e1 um enorme tablet no painel, que concentra as informa\u00e7\u00f5es para o motorista e d\u00e1 acesso aos demais sistemas do carro, e tamb\u00e9m v\u00e1rios outros displays digitais, no console, atr\u00e1s dos apoios de cabe\u00e7a e at\u00e9 nos puxadores de portas.<\/p>\n<p>&nbsp;<\/p>\n<p>O conceito Generation EQ est\u00e1 previsto para entrar em produ\u00e7\u00e3o em 2019, e ser\u00e1 o primeiro modelo a utilizar a nova arquitetura modular exclusiva para ve\u00edculos el\u00e9tricos, que est\u00e1 sendo desenvolvida pela montadora.<\/p>\n<p>&nbsp;<\/p>\n<p>O modelo dever\u00e1 enfrentar concorrentes como Tesla Model X e o tamb\u00e9m anunciado Audi e-Tron Quattro.<\/p>\n<p>&nbsp;<\/p>\n<p>At\u00e9 que o modelo chegue \u00e0 fase de produ\u00e7\u00e3o, estima-se que o tempo de recarga dever\u00e1 ser significativamente reduzido. Isso porque at\u00e9 l\u00e1 a Comunidade Europeia dever\u00e1 introduzir o padr\u00e3o Combined Charging System (CCS), sistema de carga combinada.<\/p>\n<p>&nbsp;<\/p>\n<p>Atualmente, o crossover el\u00e9trico pode ser recarregado por indu\u00e7\u00e3o (sem fio) ou na forma convencional, nos modos normal ou r\u00e1pido.<\/p>\n<p>&nbsp;<\/p>\n<p>No m\u00e9dio e longo prazo, quando a capacidade planejada de 300 kW for introduzida, a montadora afirma que cinco minutos de carga ser\u00e3o suficientes para 100 quil\u00f4metros de autonomia.<\/p>\n<p>&nbsp;<\/p>\n<p>Quanto ao pre\u00e7o, o presidente da empresa, Dieter Zetsche, disse durante a apresenta\u00e7\u00e3o do conceito no Sal\u00e3o de Paris que ele dever\u00e1 se situar na mesma faixa do Mercedes GLC &#8220;razoavelmente equipado&#8221;.<\/p>\n<p>&nbsp;<\/p>\n<p>Ele tamb\u00e9m acrescentou que, at\u00e9 2025, a Daimler ter\u00e1 mais de dez modelos de autom\u00f3veis totalmente el\u00e9tricos \u00e0 venda. (Jornal do Carro)<\/p>\n","protected":false},"excerpt":{"rendered":"<p>Jornal do Carro &nbsp; A Mercedes-Benz finalmente revelou o conceito Generation EQ, misto de utilit\u00e1rio esportivo e cup\u00ea que antecipa uma nova fam\u00edlia de ve\u00edculos el\u00e9tricos sob a marca EQ. &nbsp; A for\u00e7a \u00e9 gerada por um par de motores el\u00e9tricos, que produz 408 cavalos de pot\u00eancia e 71,4 mkgf de torque. E distribu\u00edda pelas\u2026 <a class=\"readmore\" href=\"https:\/\/dana.com.br\/canaldana\/2016\/09\/30\/mercedes-benz-apresenta-conceito-generation-eq-com-autonomia-para-500-km\/\">Leia mais \u00bb<\/a><\/p>\n","protected":false},"author":3,"featured_media":0,"comment_status":"closed","ping_status":"closed","sticky":false,"template":"","format":"standard","meta":{"_acf_changed":false,"footnotes":""},"categories":[62],"tags":[],"class_list":["post-11953","post","type-post","status-publish","format-standard","hentry","category-salao-de-paris"],"acf":[],"yoast_head":"<!-- This site is optimized with the Yoast SEO plugin v27.5 - https:\/\/yoast.com\/product\/yoast-seo-wordpress\/ -->\n<title>Mercedes-Benz apresenta conceito Generation EQ, com autonomia para 500 km - Canal Dana<\/title>\n<meta name=\"robots\" content=\"index, follow, max-snippet:-1, max-image-preview:large, max-video-preview:-1\" \/>\n<link rel=\"canonical\" href=\"https:\/\/dana.com.br\/canaldana\/2016\/09\/30\/mercedes-benz-apresenta-conceito-generation-eq-com-autonomia-para-500-km\/\" \/>\n<meta property=\"og:locale\" content=\"pt_BR\" \/>\n<meta property=\"og:type\" content=\"article\" \/>\n<meta property=\"og:title\" content=\"Mercedes-Benz apresenta conceito Generation EQ, com autonomia para 500 km - Canal Dana\" \/>\n<meta property=\"og:description\" content=\"Jornal do Carro &nbsp; A Mercedes-Benz finalmente revelou o conceito Generation EQ, misto de utilit\u00e1rio esportivo e cup\u00ea que antecipa uma nova fam\u00edlia de ve\u00edculos el\u00e9tricos sob a marca EQ. &nbsp; A for\u00e7a \u00e9 gerada por um par de motores el\u00e9tricos, que produz 408 cavalos de pot\u00eancia e 71,4 mkgf de torque. E distribu\u00edda pelas\u2026 Leia mais \u00bb\" \/>\n<meta property=\"og:url\" content=\"https:\/\/dana.com.br\/canaldana\/2016\/09\/30\/mercedes-benz-apresenta-conceito-generation-eq-com-autonomia-para-500-km\/\" \/>\n<meta property=\"og:site_name\" content=\"Canal Dana\" \/>\n<meta property=\"article:published_time\" content=\"2016-09-30T11:36:36+00:00\" \/>\n<meta name=\"author\" content=\"Canal Dana\" \/>\n<meta name=\"twitter:card\" content=\"summary_large_image\" \/>\n<meta name=\"twitter:label1\" content=\"Escrito por\" \/>\n\t<meta name=\"twitter:data1\" content=\"Canal Dana\" \/>\n\t<meta name=\"twitter:label2\" content=\"Est. tempo de leitura\" \/>\n\t<meta name=\"twitter:data2\" content=\"2 minutos\" \/>\n<script type=\"application\/ld+json\" class=\"yoast-schema-graph\">{\"@context\":\"https:\\\/\\\/schema.org\",\"@graph\":[{\"@type\":\"Article\",\"@id\":\"https:\\\/\\\/dana.com.br\\\/canaldana\\\/2016\\\/09\\\/30\\\/mercedes-benz-apresenta-conceito-generation-eq-com-autonomia-para-500-km\\\/#article\",\"isPartOf\":{\"@id\":\"https:\\\/\\\/dana.com.br\\\/canaldana\\\/2016\\\/09\\\/30\\\/mercedes-benz-apresenta-conceito-generation-eq-com-autonomia-para-500-km\\\/\"},\"author\":{\"name\":\"Canal Dana\",\"@id\":\"https:\\\/\\\/dana.com.br\\\/canaldana\\\/#\\\/schema\\\/person\\\/3c21f22f56fcf3bc46b94bc60ea4fef6\"},\"headline\":\"Mercedes-Benz apresenta conceito Generation EQ, com autonomia para 500 km\",\"datePublished\":\"2016-09-30T11:36:36+00:00\",\"mainEntityOfPage\":{\"@id\":\"https:\\\/\\\/dana.com.br\\\/canaldana\\\/2016\\\/09\\\/30\\\/mercedes-benz-apresenta-conceito-generation-eq-com-autonomia-para-500-km\\\/\"},\"wordCount\":453,\"articleSection\":[\"Sal\u00e3o de Paris\"],\"inLanguage\":\"pt-BR\"},{\"@type\":\"WebPage\",\"@id\":\"https:\\\/\\\/dana.com.br\\\/canaldana\\\/2016\\\/09\\\/30\\\/mercedes-benz-apresenta-conceito-generation-eq-com-autonomia-para-500-km\\\/\",\"url\":\"https:\\\/\\\/dana.com.br\\\/canaldana\\\/2016\\\/09\\\/30\\\/mercedes-benz-apresenta-conceito-generation-eq-com-autonomia-para-500-km\\\/\",\"name\":\"Mercedes-Benz apresenta conceito Generation EQ, com autonomia para 500 km - Canal Dana\",\"isPartOf\":{\"@id\":\"https:\\\/\\\/dana.com.br\\\/canaldana\\\/#website\"},\"datePublished\":\"2016-09-30T11:36:36+00:00\",\"author\":{\"@id\":\"https:\\\/\\\/dana.com.br\\\/canaldana\\\/#\\\/schema\\\/person\\\/3c21f22f56fcf3bc46b94bc60ea4fef6\"},\"breadcrumb\":{\"@id\":\"https:\\\/\\\/dana.com.br\\\/canaldana\\\/2016\\\/09\\\/30\\\/mercedes-benz-apresenta-conceito-generation-eq-com-autonomia-para-500-km\\\/#breadcrumb\"},\"inLanguage\":\"pt-BR\",\"potentialAction\":[{\"@type\":\"ReadAction\",\"target\":[\"https:\\\/\\\/dana.com.br\\\/canaldana\\\/2016\\\/09\\\/30\\\/mercedes-benz-apresenta-conceito-generation-eq-com-autonomia-para-500-km\\\/\"]}]},{\"@type\":\"BreadcrumbList\",\"@id\":\"https:\\\/\\\/dana.com.br\\\/canaldana\\\/2016\\\/09\\\/30\\\/mercedes-benz-apresenta-conceito-generation-eq-com-autonomia-para-500-km\\\/#breadcrumb\",\"itemListElement\":[{\"@type\":\"ListItem\",\"position\":1,\"name\":\"Home\",\"item\":\"https:\\\/\\\/dana.com.br\\\/canaldana\\\/\"},{\"@type\":\"ListItem\",\"position\":2,\"name\":\"Sal\u00e3o de Paris\",\"item\":\"https:\\\/\\\/dana.com.br\\\/canaldana\\\/salao-de-paris\\\/\"},{\"@type\":\"ListItem\",\"position\":3,\"name\":\"Mercedes-Benz apresenta conceito Generation EQ, com autonomia para 500 km\"}]},{\"@type\":\"WebSite\",\"@id\":\"https:\\\/\\\/dana.com.br\\\/canaldana\\\/#website\",\"url\":\"https:\\\/\\\/dana.com.br\\\/canaldana\\\/\",\"name\":\"Canal Dana\",\"description\":\"Informativo com as principais not\u00edcias da ind\u00fastria automotiva\",\"potentialAction\":[{\"@type\":\"SearchAction\",\"target\":{\"@type\":\"EntryPoint\",\"urlTemplate\":\"https:\\\/\\\/dana.com.br\\\/canaldana\\\/?s={search_term_string}\"},\"query-input\":{\"@type\":\"PropertyValueSpecification\",\"valueRequired\":true,\"valueName\":\"search_term_string\"}}],\"inLanguage\":\"pt-BR\"},{\"@type\":\"Person\",\"@id\":\"https:\\\/\\\/dana.com.br\\\/canaldana\\\/#\\\/schema\\\/person\\\/3c21f22f56fcf3bc46b94bc60ea4fef6\",\"name\":\"Canal Dana\",\"image\":{\"@type\":\"ImageObject\",\"inLanguage\":\"pt-BR\",\"@id\":\"https:\\\/\\\/secure.gravatar.com\\\/avatar\\\/420aaf9278582877d9018637c6817617705899d2858d7572ef0fe59a6b6454b4?s=96&d=mm&r=g\",\"url\":\"https:\\\/\\\/secure.gravatar.com\\\/avatar\\\/420aaf9278582877d9018637c6817617705899d2858d7572ef0fe59a6b6454b4?s=96&d=mm&r=g\",\"contentUrl\":\"https:\\\/\\\/secure.gravatar.com\\\/avatar\\\/420aaf9278582877d9018637c6817617705899d2858d7572ef0fe59a6b6454b4?s=96&d=mm&r=g\",\"caption\":\"Canal Dana\"},\"url\":\"https:\\\/\\\/dana.com.br\\\/canaldana\\\/author\\\/cdeditor\\\/\"}]}<\/script>\n<!-- \/ Yoast SEO plugin. -->","yoast_head_json":{"title":"Mercedes-Benz apresenta conceito Generation EQ, com autonomia para 500 km - Canal Dana","robots":{"index":"index","follow":"follow","max-snippet":"max-snippet:-1","max-image-preview":"max-image-preview:large","max-video-preview":"max-video-preview:-1"},"canonical":"https:\/\/dana.com.br\/canaldana\/2016\/09\/30\/mercedes-benz-apresenta-conceito-generation-eq-com-autonomia-para-500-km\/","og_locale":"pt_BR","og_type":"article","og_title":"Mercedes-Benz apresenta conceito Generation EQ, com autonomia para 500 km - Canal Dana","og_description":"Jornal do Carro &nbsp; A Mercedes-Benz finalmente revelou o conceito Generation EQ, misto de utilit\u00e1rio esportivo e cup\u00ea que antecipa uma nova fam\u00edlia de ve\u00edculos el\u00e9tricos sob a marca EQ. &nbsp; A for\u00e7a \u00e9 gerada por um par de motores el\u00e9tricos, que produz 408 cavalos de pot\u00eancia e 71,4 mkgf de torque. E distribu\u00edda pelas\u2026 Leia mais \u00bb","og_url":"https:\/\/dana.com.br\/canaldana\/2016\/09\/30\/mercedes-benz-apresenta-conceito-generation-eq-com-autonomia-para-500-km\/","og_site_name":"Canal Dana","article_published_time":"2016-09-30T11:36:36+00:00","author":"Canal Dana","twitter_card":"summary_large_image","twitter_misc":{"Escrito por":"Canal Dana","Est. tempo de leitura":"2 minutos"},"schema":{"@context":"https:\/\/schema.org","@graph":[{"@type":"Article","@id":"https:\/\/dana.com.br\/canaldana\/2016\/09\/30\/mercedes-benz-apresenta-conceito-generation-eq-com-autonomia-para-500-km\/#article","isPartOf":{"@id":"https:\/\/dana.com.br\/canaldana\/2016\/09\/30\/mercedes-benz-apresenta-conceito-generation-eq-com-autonomia-para-500-km\/"},"author":{"name":"Canal Dana","@id":"https:\/\/dana.com.br\/canaldana\/#\/schema\/person\/3c21f22f56fcf3bc46b94bc60ea4fef6"},"headline":"Mercedes-Benz apresenta conceito Generation EQ, com autonomia para 500 km","datePublished":"2016-09-30T11:36:36+00:00","mainEntityOfPage":{"@id":"https:\/\/dana.com.br\/canaldana\/2016\/09\/30\/mercedes-benz-apresenta-conceito-generation-eq-com-autonomia-para-500-km\/"},"wordCount":453,"articleSection":["Sal\u00e3o de Paris"],"inLanguage":"pt-BR"},{"@type":"WebPage","@id":"https:\/\/dana.com.br\/canaldana\/2016\/09\/30\/mercedes-benz-apresenta-conceito-generation-eq-com-autonomia-para-500-km\/","url":"https:\/\/dana.com.br\/canaldana\/2016\/09\/30\/mercedes-benz-apresenta-conceito-generation-eq-com-autonomia-para-500-km\/","name":"Mercedes-Benz apresenta conceito Generation EQ, com autonomia para 500 km - Canal Dana","isPartOf":{"@id":"https:\/\/dana.com.br\/canaldana\/#website"},"datePublished":"2016-09-30T11:36:36+00:00","author":{"@id":"https:\/\/dana.com.br\/canaldana\/#\/schema\/person\/3c21f22f56fcf3bc46b94bc60ea4fef6"},"breadcrumb":{"@id":"https:\/\/dana.com.br\/canaldana\/2016\/09\/30\/mercedes-benz-apresenta-conceito-generation-eq-com-autonomia-para-500-km\/#breadcrumb"},"inLanguage":"pt-BR","potentialAction":[{"@type":"ReadAction","target":["https:\/\/dana.com.br\/canaldana\/2016\/09\/30\/mercedes-benz-apresenta-conceito-generation-eq-com-autonomia-para-500-km\/"]}]},{"@type":"BreadcrumbList","@id":"https:\/\/dana.com.br\/canaldana\/2016\/09\/30\/mercedes-benz-apresenta-conceito-generation-eq-com-autonomia-para-500-km\/#breadcrumb","itemListElement":[{"@type":"ListItem","position":1,"name":"Home","item":"https:\/\/dana.com.br\/canaldana\/"},{"@type":"ListItem","position":2,"name":"Sal\u00e3o de Paris","item":"https:\/\/dana.com.br\/canaldana\/salao-de-paris\/"},{"@type":"ListItem","position":3,"name":"Mercedes-Benz apresenta conceito Generation EQ, com autonomia para 500 km"}]},{"@type":"WebSite","@id":"https:\/\/dana.com.br\/canaldana\/#website","url":"https:\/\/dana.com.br\/canaldana\/","name":"Canal Dana","description":"Informativo com as principais not\u00edcias da ind\u00fastria automotiva","potentialAction":[{"@type":"SearchAction","target":{"@type":"EntryPoint","urlTemplate":"https:\/\/dana.com.br\/canaldana\/?s={search_term_string}"},"query-input":{"@type":"PropertyValueSpecification","valueRequired":true,"valueName":"search_term_string"}}],"inLanguage":"pt-BR"},{"@type":"Person","@id":"https:\/\/dana.com.br\/canaldana\/#\/schema\/person\/3c21f22f56fcf3bc46b94bc60ea4fef6","name":"Canal Dana","image":{"@type":"ImageObject","inLanguage":"pt-BR","@id":"https:\/\/secure.gravatar.com\/avatar\/420aaf9278582877d9018637c6817617705899d2858d7572ef0fe59a6b6454b4?s=96&d=mm&r=g","url":"https:\/\/secure.gravatar.com\/avatar\/420aaf9278582877d9018637c6817617705899d2858d7572ef0fe59a6b6454b4?s=96&d=mm&r=g","contentUrl":"https:\/\/secure.gravatar.com\/avatar\/420aaf9278582877d9018637c6817617705899d2858d7572ef0fe59a6b6454b4?s=96&d=mm&r=g","caption":"Canal Dana"},"url":"https:\/\/dana.com.br\/canaldana\/author\/cdeditor\/"}]}},"_links":{"self":[{"href":"https:\/\/dana.com.br\/canaldana\/wp-json\/wp\/v2\/posts\/11953","targetHints":{"allow":["GET"]}}],"collection":[{"href":"https:\/\/dana.com.br\/canaldana\/wp-json\/wp\/v2\/posts"}],"about":[{"href":"https:\/\/dana.com.br\/canaldana\/wp-json\/wp\/v2\/types\/post"}],"author":[{"embeddable":true,"href":"https:\/\/dana.com.br\/canaldana\/wp-json\/wp\/v2\/users\/3"}],"replies":[{"embeddable":true,"href":"https:\/\/dana.com.br\/canaldana\/wp-json\/wp\/v2\/comments?post=11953"}],"version-history":[{"count":0,"href":"https:\/\/dana.com.br\/canaldana\/wp-json\/wp\/v2\/posts\/11953\/revisions"}],"wp:attachment":[{"href":"https:\/\/dana.com.br\/canaldana\/wp-json\/wp\/v2\/media?parent=11953"}],"wp:term":[{"taxonomy":"category","embeddable":true,"href":"https:\/\/dana.com.br\/canaldana\/wp-json\/wp\/v2\/categories?post=11953"},{"taxonomy":"post_tag","embeddable":true,"href":"https:\/\/dana.com.br\/canaldana\/wp-json\/wp\/v2\/tags?post=11953"}],"curies":[{"name":"wp","href":"https:\/\/api.w.org\/{rel}","templated":true}]}}