{"id":11793,"date":"2016-09-23T08:19:13","date_gmt":"2016-09-23T11:19:13","guid":{"rendered":"http:\/\/dana.com.br\/canaldana\/?p=11793"},"modified":"2016-09-23T08:19:13","modified_gmt":"2016-09-23T11:19:13","slug":"man-preve-capacidade-total-em-2019","status":"publish","type":"post","link":"https:\/\/dana.com.br\/canaldana\/2016\/09\/23\/man-preve-capacidade-total-em-2019\/","title":{"rendered":"MAN prev\u00ea capacidade total em 2019"},"content":{"rendered":"<p><em>DCI<\/em><\/p>\n<p>&nbsp;<\/p>\n<p>A MAN Latin America, fabricante de caminh\u00f5es da Volkswagen, v\u00ea o pleno uso da capacidade instalada no Pa\u00eds s\u00f3 em 2019. Atualmente, a ociosidade do setor, pr\u00f3xima de 80%, \u00e9 a grande preocupa\u00e7\u00e3o das montadoras.<\/p>\n<p>&nbsp;<\/p>\n<p>&#8220;A economia parou de cair e, com isso, a demanda vai voltar gradualmente. Mas o retorno pleno da capacidade da nossa ind\u00fastria deve vir somente em 2019&#8221;, afirmou ao DCI o presidente da MAN, Roberto Cortes.<\/p>\n<p>&nbsp;<\/p>\n<p>\u00c0 frente da marca l\u00edder do mercado brasileiro, Cortes est\u00e1 mais otimista do que outros executivos da cadeia. &#8220;J\u00e1 vivi in\u00fameras crises no Pa\u00eds e tenho certeza que a demanda vai retornar&#8221;, garante.<\/p>\n<p>&nbsp;<\/p>\n<p>Para tanto, Cortes afirma que o Brasil necessita de estabilidade econ\u00f4mica e um cen\u00e1rio prop\u00edcio para investir, com taxa de juros controlada. Ele lembra que cerca de 95% das vendas de ve\u00edculos comerciais s\u00e3o financiadas no mercado brasileiro.<\/p>\n<p>&nbsp;<\/p>\n<p>&#8220;O empres\u00e1rio precisa de um custo do capital que justifique o investimento&#8221;, pontua.<\/p>\n<p>&nbsp;<\/p>\n<p><strong>Exporta\u00e7\u00f5es<\/strong><\/p>\n<p>&nbsp;<\/p>\n<p>As montadoras preveem uma queda aproximada de 30% das vendas neste ano, no Brasil. E enquanto o mercado n\u00e3o retorna, a MAN est\u00e1 realocando capacidade para exporta\u00e7\u00f5es.<\/p>\n<p>&nbsp;<\/p>\n<p>&#8220;Queremos ser l\u00edderes onde hoje n\u00e3o somos, como Argentina, Chile e M\u00e9xico, por exemplo, crescendo acima da concorr\u00eancia&#8221;, revela Cortes. Com um processo de internacionaliza\u00e7\u00e3o em curso, a meta \u00e9 crescer dois d\u00edgitos nas exporta\u00e7\u00f5es em 2017.<\/p>\n<p>&nbsp;<\/p>\n<p>Cortes acaba de retornar da Alemanha, onde participou do maior Sal\u00e3o de Transportes do mundo. &#8220;Mostramos nossos produtos feitos sob medida.&#8221; Ele revela que a MAN iniciar\u00e1, j\u00e1 em 2016, opera\u00e7\u00f5es de montagem na Nig\u00e9ria e no Qu\u00eania, com pe\u00e7as feitas no Brasil.<\/p>\n<p>&nbsp;<\/p>\n<p>Outro foco da montadora com f\u00e1brica em Resende (RJ) \u00e9 o Oriente M\u00e9dio. &#8220;Aproveitamos o Sal\u00e3o em Hannover para buscar clientes da regi\u00e3o. Queremos estar presentes no mundo todo&#8221;, comenta Cortes. (DCI\/Juliana Estigarr\u00edbia)<\/p>\n","protected":false},"excerpt":{"rendered":"<p>DCI &nbsp; A MAN Latin America, fabricante de caminh\u00f5es da Volkswagen, v\u00ea o pleno uso da capacidade instalada no Pa\u00eds s\u00f3 em 2019. Atualmente, a ociosidade do setor, pr\u00f3xima de 80%, \u00e9 a grande preocupa\u00e7\u00e3o das montadoras. &nbsp; &#8220;A economia parou de cair e, com isso, a demanda vai voltar gradualmente. Mas o retorno pleno\u2026 <a class=\"readmore\" href=\"https:\/\/dana.com.br\/canaldana\/2016\/09\/23\/man-preve-capacidade-total-em-2019\/\">Leia mais \u00bb<\/a><\/p>\n","protected":false},"author":3,"featured_media":0,"comment_status":"closed","ping_status":"closed","sticky":false,"template":"","format":"standard","meta":{"_acf_changed":false,"footnotes":""},"categories":[61],"tags":[],"class_list":["post-11793","post","type-post","status-publish","format-standard","hentry","category-destaques"],"acf":[],"yoast_head":"<!-- This site is optimized with the Yoast SEO plugin v27.3 - https:\/\/yoast.com\/product\/yoast-seo-wordpress\/ -->\n<title>MAN prev\u00ea capacidade total em 2019 - Canal Dana<\/title>\n<meta name=\"robots\" content=\"index, follow, max-snippet:-1, max-image-preview:large, max-video-preview:-1\" \/>\n<link rel=\"canonical\" href=\"https:\/\/dana.com.br\/canaldana\/2016\/09\/23\/man-preve-capacidade-total-em-2019\/\" \/>\n<meta property=\"og:locale\" content=\"pt_BR\" \/>\n<meta property=\"og:type\" content=\"article\" \/>\n<meta property=\"og:title\" content=\"MAN prev\u00ea capacidade total em 2019 - Canal Dana\" \/>\n<meta property=\"og:description\" content=\"DCI &nbsp; A MAN Latin America, fabricante de caminh\u00f5es da Volkswagen, v\u00ea o pleno uso da capacidade instalada no Pa\u00eds s\u00f3 em 2019. Atualmente, a ociosidade do setor, pr\u00f3xima de 80%, \u00e9 a grande preocupa\u00e7\u00e3o das montadoras. &nbsp; &#8220;A economia parou de cair e, com isso, a demanda vai voltar gradualmente. Mas o retorno pleno\u2026 Leia mais \u00bb\" \/>\n<meta property=\"og:url\" content=\"https:\/\/dana.com.br\/canaldana\/2016\/09\/23\/man-preve-capacidade-total-em-2019\/\" \/>\n<meta property=\"og:site_name\" content=\"Canal Dana\" \/>\n<meta property=\"article:published_time\" content=\"2016-09-23T11:19:13+00:00\" \/>\n<meta name=\"author\" content=\"Canal Dana\" \/>\n<meta name=\"twitter:card\" content=\"summary_large_image\" \/>\n<meta name=\"twitter:label1\" content=\"Escrito por\" \/>\n\t<meta name=\"twitter:data1\" content=\"Canal Dana\" \/>\n\t<meta name=\"twitter:label2\" content=\"Est. tempo de leitura\" \/>\n\t<meta name=\"twitter:data2\" content=\"2 minutos\" \/>\n<script type=\"application\/ld+json\" class=\"yoast-schema-graph\">{\"@context\":\"https:\\\/\\\/schema.org\",\"@graph\":[{\"@type\":\"Article\",\"@id\":\"https:\\\/\\\/dana.com.br\\\/canaldana\\\/2016\\\/09\\\/23\\\/man-preve-capacidade-total-em-2019\\\/#article\",\"isPartOf\":{\"@id\":\"https:\\\/\\\/dana.com.br\\\/canaldana\\\/2016\\\/09\\\/23\\\/man-preve-capacidade-total-em-2019\\\/\"},\"author\":{\"name\":\"Canal Dana\",\"@id\":\"https:\\\/\\\/dana.com.br\\\/canaldana\\\/#\\\/schema\\\/person\\\/3c21f22f56fcf3bc46b94bc60ea4fef6\"},\"headline\":\"MAN prev\u00ea capacidade total em 2019\",\"datePublished\":\"2016-09-23T11:19:13+00:00\",\"mainEntityOfPage\":{\"@id\":\"https:\\\/\\\/dana.com.br\\\/canaldana\\\/2016\\\/09\\\/23\\\/man-preve-capacidade-total-em-2019\\\/\"},\"wordCount\":336,\"articleSection\":[\"Destaques\"],\"inLanguage\":\"pt-BR\"},{\"@type\":\"WebPage\",\"@id\":\"https:\\\/\\\/dana.com.br\\\/canaldana\\\/2016\\\/09\\\/23\\\/man-preve-capacidade-total-em-2019\\\/\",\"url\":\"https:\\\/\\\/dana.com.br\\\/canaldana\\\/2016\\\/09\\\/23\\\/man-preve-capacidade-total-em-2019\\\/\",\"name\":\"MAN prev\u00ea capacidade total em 2019 - Canal Dana\",\"isPartOf\":{\"@id\":\"https:\\\/\\\/dana.com.br\\\/canaldana\\\/#website\"},\"datePublished\":\"2016-09-23T11:19:13+00:00\",\"author\":{\"@id\":\"https:\\\/\\\/dana.com.br\\\/canaldana\\\/#\\\/schema\\\/person\\\/3c21f22f56fcf3bc46b94bc60ea4fef6\"},\"breadcrumb\":{\"@id\":\"https:\\\/\\\/dana.com.br\\\/canaldana\\\/2016\\\/09\\\/23\\\/man-preve-capacidade-total-em-2019\\\/#breadcrumb\"},\"inLanguage\":\"pt-BR\",\"potentialAction\":[{\"@type\":\"ReadAction\",\"target\":[\"https:\\\/\\\/dana.com.br\\\/canaldana\\\/2016\\\/09\\\/23\\\/man-preve-capacidade-total-em-2019\\\/\"]}]},{\"@type\":\"BreadcrumbList\",\"@id\":\"https:\\\/\\\/dana.com.br\\\/canaldana\\\/2016\\\/09\\\/23\\\/man-preve-capacidade-total-em-2019\\\/#breadcrumb\",\"itemListElement\":[{\"@type\":\"ListItem\",\"position\":1,\"name\":\"Home\",\"item\":\"https:\\\/\\\/dana.com.br\\\/canaldana\\\/\"},{\"@type\":\"ListItem\",\"position\":2,\"name\":\"Destaques\",\"item\":\"https:\\\/\\\/dana.com.br\\\/canaldana\\\/destaques\\\/\"},{\"@type\":\"ListItem\",\"position\":3,\"name\":\"MAN prev\u00ea capacidade total em 2019\"}]},{\"@type\":\"WebSite\",\"@id\":\"https:\\\/\\\/dana.com.br\\\/canaldana\\\/#website\",\"url\":\"https:\\\/\\\/dana.com.br\\\/canaldana\\\/\",\"name\":\"Canal Dana\",\"description\":\"Informativo com as principais not\u00edcias da ind\u00fastria automotiva\",\"potentialAction\":[{\"@type\":\"SearchAction\",\"target\":{\"@type\":\"EntryPoint\",\"urlTemplate\":\"https:\\\/\\\/dana.com.br\\\/canaldana\\\/?s={search_term_string}\"},\"query-input\":{\"@type\":\"PropertyValueSpecification\",\"valueRequired\":true,\"valueName\":\"search_term_string\"}}],\"inLanguage\":\"pt-BR\"},{\"@type\":\"Person\",\"@id\":\"https:\\\/\\\/dana.com.br\\\/canaldana\\\/#\\\/schema\\\/person\\\/3c21f22f56fcf3bc46b94bc60ea4fef6\",\"name\":\"Canal Dana\",\"image\":{\"@type\":\"ImageObject\",\"inLanguage\":\"pt-BR\",\"@id\":\"https:\\\/\\\/secure.gravatar.com\\\/avatar\\\/420aaf9278582877d9018637c6817617705899d2858d7572ef0fe59a6b6454b4?s=96&d=mm&r=g\",\"url\":\"https:\\\/\\\/secure.gravatar.com\\\/avatar\\\/420aaf9278582877d9018637c6817617705899d2858d7572ef0fe59a6b6454b4?s=96&d=mm&r=g\",\"contentUrl\":\"https:\\\/\\\/secure.gravatar.com\\\/avatar\\\/420aaf9278582877d9018637c6817617705899d2858d7572ef0fe59a6b6454b4?s=96&d=mm&r=g\",\"caption\":\"Canal Dana\"},\"url\":\"https:\\\/\\\/dana.com.br\\\/canaldana\\\/author\\\/cdeditor\\\/\"}]}<\/script>\n<!-- \/ Yoast SEO plugin. -->","yoast_head_json":{"title":"MAN prev\u00ea capacidade total em 2019 - Canal Dana","robots":{"index":"index","follow":"follow","max-snippet":"max-snippet:-1","max-image-preview":"max-image-preview:large","max-video-preview":"max-video-preview:-1"},"canonical":"https:\/\/dana.com.br\/canaldana\/2016\/09\/23\/man-preve-capacidade-total-em-2019\/","og_locale":"pt_BR","og_type":"article","og_title":"MAN prev\u00ea capacidade total em 2019 - Canal Dana","og_description":"DCI &nbsp; A MAN Latin America, fabricante de caminh\u00f5es da Volkswagen, v\u00ea o pleno uso da capacidade instalada no Pa\u00eds s\u00f3 em 2019. Atualmente, a ociosidade do setor, pr\u00f3xima de 80%, \u00e9 a grande preocupa\u00e7\u00e3o das montadoras. &nbsp; &#8220;A economia parou de cair e, com isso, a demanda vai voltar gradualmente. Mas o retorno pleno\u2026 Leia mais \u00bb","og_url":"https:\/\/dana.com.br\/canaldana\/2016\/09\/23\/man-preve-capacidade-total-em-2019\/","og_site_name":"Canal Dana","article_published_time":"2016-09-23T11:19:13+00:00","author":"Canal Dana","twitter_card":"summary_large_image","twitter_misc":{"Escrito por":"Canal Dana","Est. tempo de leitura":"2 minutos"},"schema":{"@context":"https:\/\/schema.org","@graph":[{"@type":"Article","@id":"https:\/\/dana.com.br\/canaldana\/2016\/09\/23\/man-preve-capacidade-total-em-2019\/#article","isPartOf":{"@id":"https:\/\/dana.com.br\/canaldana\/2016\/09\/23\/man-preve-capacidade-total-em-2019\/"},"author":{"name":"Canal Dana","@id":"https:\/\/dana.com.br\/canaldana\/#\/schema\/person\/3c21f22f56fcf3bc46b94bc60ea4fef6"},"headline":"MAN prev\u00ea capacidade total em 2019","datePublished":"2016-09-23T11:19:13+00:00","mainEntityOfPage":{"@id":"https:\/\/dana.com.br\/canaldana\/2016\/09\/23\/man-preve-capacidade-total-em-2019\/"},"wordCount":336,"articleSection":["Destaques"],"inLanguage":"pt-BR"},{"@type":"WebPage","@id":"https:\/\/dana.com.br\/canaldana\/2016\/09\/23\/man-preve-capacidade-total-em-2019\/","url":"https:\/\/dana.com.br\/canaldana\/2016\/09\/23\/man-preve-capacidade-total-em-2019\/","name":"MAN prev\u00ea capacidade total em 2019 - Canal Dana","isPartOf":{"@id":"https:\/\/dana.com.br\/canaldana\/#website"},"datePublished":"2016-09-23T11:19:13+00:00","author":{"@id":"https:\/\/dana.com.br\/canaldana\/#\/schema\/person\/3c21f22f56fcf3bc46b94bc60ea4fef6"},"breadcrumb":{"@id":"https:\/\/dana.com.br\/canaldana\/2016\/09\/23\/man-preve-capacidade-total-em-2019\/#breadcrumb"},"inLanguage":"pt-BR","potentialAction":[{"@type":"ReadAction","target":["https:\/\/dana.com.br\/canaldana\/2016\/09\/23\/man-preve-capacidade-total-em-2019\/"]}]},{"@type":"BreadcrumbList","@id":"https:\/\/dana.com.br\/canaldana\/2016\/09\/23\/man-preve-capacidade-total-em-2019\/#breadcrumb","itemListElement":[{"@type":"ListItem","position":1,"name":"Home","item":"https:\/\/dana.com.br\/canaldana\/"},{"@type":"ListItem","position":2,"name":"Destaques","item":"https:\/\/dana.com.br\/canaldana\/destaques\/"},{"@type":"ListItem","position":3,"name":"MAN prev\u00ea capacidade total em 2019"}]},{"@type":"WebSite","@id":"https:\/\/dana.com.br\/canaldana\/#website","url":"https:\/\/dana.com.br\/canaldana\/","name":"Canal Dana","description":"Informativo com as principais not\u00edcias da ind\u00fastria automotiva","potentialAction":[{"@type":"SearchAction","target":{"@type":"EntryPoint","urlTemplate":"https:\/\/dana.com.br\/canaldana\/?s={search_term_string}"},"query-input":{"@type":"PropertyValueSpecification","valueRequired":true,"valueName":"search_term_string"}}],"inLanguage":"pt-BR"},{"@type":"Person","@id":"https:\/\/dana.com.br\/canaldana\/#\/schema\/person\/3c21f22f56fcf3bc46b94bc60ea4fef6","name":"Canal Dana","image":{"@type":"ImageObject","inLanguage":"pt-BR","@id":"https:\/\/secure.gravatar.com\/avatar\/420aaf9278582877d9018637c6817617705899d2858d7572ef0fe59a6b6454b4?s=96&d=mm&r=g","url":"https:\/\/secure.gravatar.com\/avatar\/420aaf9278582877d9018637c6817617705899d2858d7572ef0fe59a6b6454b4?s=96&d=mm&r=g","contentUrl":"https:\/\/secure.gravatar.com\/avatar\/420aaf9278582877d9018637c6817617705899d2858d7572ef0fe59a6b6454b4?s=96&d=mm&r=g","caption":"Canal Dana"},"url":"https:\/\/dana.com.br\/canaldana\/author\/cdeditor\/"}]}},"_links":{"self":[{"href":"https:\/\/dana.com.br\/canaldana\/wp-json\/wp\/v2\/posts\/11793","targetHints":{"allow":["GET"]}}],"collection":[{"href":"https:\/\/dana.com.br\/canaldana\/wp-json\/wp\/v2\/posts"}],"about":[{"href":"https:\/\/dana.com.br\/canaldana\/wp-json\/wp\/v2\/types\/post"}],"author":[{"embeddable":true,"href":"https:\/\/dana.com.br\/canaldana\/wp-json\/wp\/v2\/users\/3"}],"replies":[{"embeddable":true,"href":"https:\/\/dana.com.br\/canaldana\/wp-json\/wp\/v2\/comments?post=11793"}],"version-history":[{"count":0,"href":"https:\/\/dana.com.br\/canaldana\/wp-json\/wp\/v2\/posts\/11793\/revisions"}],"wp:attachment":[{"href":"https:\/\/dana.com.br\/canaldana\/wp-json\/wp\/v2\/media?parent=11793"}],"wp:term":[{"taxonomy":"category","embeddable":true,"href":"https:\/\/dana.com.br\/canaldana\/wp-json\/wp\/v2\/categories?post=11793"},{"taxonomy":"post_tag","embeddable":true,"href":"https:\/\/dana.com.br\/canaldana\/wp-json\/wp\/v2\/tags?post=11793"}],"curies":[{"name":"wp","href":"https:\/\/api.w.org\/{rel}","templated":true}]}}