{"id":11726,"date":"2016-09-22T08:09:18","date_gmt":"2016-09-22T11:09:18","guid":{"rendered":"http:\/\/dana.com.br\/canaldana\/?p=11726"},"modified":"2016-09-22T08:09:18","modified_gmt":"2016-09-22T11:09:18","slug":"mini-john-cooper-works-clubman-estreia-com-231-cv-e-tracao-integral","status":"publish","type":"post","link":"https:\/\/dana.com.br\/canaldana\/2016\/09\/22\/mini-john-cooper-works-clubman-estreia-com-231-cv-e-tracao-integral\/","title":{"rendered":"MINI John Cooper Works Clubman estreia com 231 cv e tra\u00e7\u00e3o integral"},"content":{"rendered":"<p><em>Carplace<\/em><\/p>\n<p>&nbsp;<\/p>\n<p>O estande da MINI na edi\u00e7\u00e3o deste ano do Sal\u00e3o de Paris ser\u00e1 estrelado pelo mais potente Clubman produzido em s\u00e9rie at\u00e9 hoje. Falo da apimentada vers\u00e3o John Cooper Works, que j\u00e1 \u00e9 oferecida em outros modelos da marca e chega \u00e0 perua com diferenciais no visual e no conjunto mec\u00e2nico.<\/p>\n<p>&nbsp;<\/p>\n<p>A MINI diz que a Clubman foi desenvolvida com base no conceito Shooting Brake e \u00e9 uma das melhores da classe no quesito aerodin\u00e2mica, dirigibilidade e espa\u00e7o. Ao todo s\u00e3o quatro portas laterais e duas traseiras, que facilitam o acesso ao porta-malas de 360 litros ou 1.250 litros. Nesta vers\u00e3o h\u00e1 pacote visual exclusivo, rodas de 18 polegadas, freios esportivos da Brembo, far\u00f3is Full LED, suspens\u00e3o esportiva adaptativa, entre outros.<\/p>\n<p>&nbsp;<\/p>\n<p>O motor 2.0 TwinPower Turbo rende 231 cavalos e 35,6 kgfm de torque m\u00e1ximo, garantindo acelera\u00e7\u00e3o de 0 a 100 km\/h em apenas 6,3 segundos. A tra\u00e7\u00e3o \u00e9 integral do tipo ALL4, associada ao c\u00e2mbio autom\u00e1tico Steptronic de oito marchas. (Carplace\/Dyogo Fagundes)<\/p>\n","protected":false},"excerpt":{"rendered":"<p>Carplace &nbsp; O estande da MINI na edi\u00e7\u00e3o deste ano do Sal\u00e3o de Paris ser\u00e1 estrelado pelo mais potente Clubman produzido em s\u00e9rie at\u00e9 hoje. Falo da apimentada vers\u00e3o John Cooper Works, que j\u00e1 \u00e9 oferecida em outros modelos da marca e chega \u00e0 perua com diferenciais no visual e no conjunto mec\u00e2nico. &nbsp; A\u2026 <a class=\"readmore\" href=\"https:\/\/dana.com.br\/canaldana\/2016\/09\/22\/mini-john-cooper-works-clubman-estreia-com-231-cv-e-tracao-integral\/\">Leia mais \u00bb<\/a><\/p>\n","protected":false},"author":3,"featured_media":0,"comment_status":"closed","ping_status":"closed","sticky":false,"template":"","format":"standard","meta":{"_acf_changed":false,"footnotes":""},"categories":[62],"tags":[],"class_list":["post-11726","post","type-post","status-publish","format-standard","hentry","category-salao-de-paris"],"acf":[],"yoast_head":"<!-- This site is optimized with the Yoast SEO plugin v27.3 - https:\/\/yoast.com\/product\/yoast-seo-wordpress\/ -->\n<title>MINI John Cooper Works Clubman estreia com 231 cv e tra\u00e7\u00e3o integral - Canal Dana<\/title>\n<meta name=\"robots\" content=\"index, follow, max-snippet:-1, max-image-preview:large, max-video-preview:-1\" \/>\n<link rel=\"canonical\" href=\"https:\/\/dana.com.br\/canaldana\/2016\/09\/22\/mini-john-cooper-works-clubman-estreia-com-231-cv-e-tracao-integral\/\" \/>\n<meta property=\"og:locale\" content=\"pt_BR\" \/>\n<meta property=\"og:type\" content=\"article\" \/>\n<meta property=\"og:title\" content=\"MINI John Cooper Works Clubman estreia com 231 cv e tra\u00e7\u00e3o integral - Canal Dana\" \/>\n<meta property=\"og:description\" content=\"Carplace &nbsp; O estande da MINI na edi\u00e7\u00e3o deste ano do Sal\u00e3o de Paris ser\u00e1 estrelado pelo mais potente Clubman produzido em s\u00e9rie at\u00e9 hoje. Falo da apimentada vers\u00e3o John Cooper Works, que j\u00e1 \u00e9 oferecida em outros modelos da marca e chega \u00e0 perua com diferenciais no visual e no conjunto mec\u00e2nico. &nbsp; A\u2026 Leia mais \u00bb\" \/>\n<meta property=\"og:url\" content=\"https:\/\/dana.com.br\/canaldana\/2016\/09\/22\/mini-john-cooper-works-clubman-estreia-com-231-cv-e-tracao-integral\/\" \/>\n<meta property=\"og:site_name\" content=\"Canal Dana\" \/>\n<meta property=\"article:published_time\" content=\"2016-09-22T11:09:18+00:00\" \/>\n<meta name=\"author\" content=\"Canal Dana\" \/>\n<meta name=\"twitter:card\" content=\"summary_large_image\" \/>\n<meta name=\"twitter:label1\" content=\"Escrito por\" \/>\n\t<meta name=\"twitter:data1\" content=\"Canal Dana\" \/>\n\t<meta name=\"twitter:label2\" content=\"Est. tempo de leitura\" \/>\n\t<meta name=\"twitter:data2\" content=\"1 minuto\" \/>\n<script type=\"application\/ld+json\" class=\"yoast-schema-graph\">{\"@context\":\"https:\\\/\\\/schema.org\",\"@graph\":[{\"@type\":\"Article\",\"@id\":\"https:\\\/\\\/dana.com.br\\\/canaldana\\\/2016\\\/09\\\/22\\\/mini-john-cooper-works-clubman-estreia-com-231-cv-e-tracao-integral\\\/#article\",\"isPartOf\":{\"@id\":\"https:\\\/\\\/dana.com.br\\\/canaldana\\\/2016\\\/09\\\/22\\\/mini-john-cooper-works-clubman-estreia-com-231-cv-e-tracao-integral\\\/\"},\"author\":{\"name\":\"Canal Dana\",\"@id\":\"https:\\\/\\\/dana.com.br\\\/canaldana\\\/#\\\/schema\\\/person\\\/3c21f22f56fcf3bc46b94bc60ea4fef6\"},\"headline\":\"MINI John Cooper Works Clubman estreia com 231 cv e tra\u00e7\u00e3o integral\",\"datePublished\":\"2016-09-22T11:09:18+00:00\",\"mainEntityOfPage\":{\"@id\":\"https:\\\/\\\/dana.com.br\\\/canaldana\\\/2016\\\/09\\\/22\\\/mini-john-cooper-works-clubman-estreia-com-231-cv-e-tracao-integral\\\/\"},\"wordCount\":184,\"articleSection\":[\"Sal\u00e3o de Paris\"],\"inLanguage\":\"pt-BR\"},{\"@type\":\"WebPage\",\"@id\":\"https:\\\/\\\/dana.com.br\\\/canaldana\\\/2016\\\/09\\\/22\\\/mini-john-cooper-works-clubman-estreia-com-231-cv-e-tracao-integral\\\/\",\"url\":\"https:\\\/\\\/dana.com.br\\\/canaldana\\\/2016\\\/09\\\/22\\\/mini-john-cooper-works-clubman-estreia-com-231-cv-e-tracao-integral\\\/\",\"name\":\"MINI John Cooper Works Clubman estreia com 231 cv e tra\u00e7\u00e3o integral - Canal Dana\",\"isPartOf\":{\"@id\":\"https:\\\/\\\/dana.com.br\\\/canaldana\\\/#website\"},\"datePublished\":\"2016-09-22T11:09:18+00:00\",\"author\":{\"@id\":\"https:\\\/\\\/dana.com.br\\\/canaldana\\\/#\\\/schema\\\/person\\\/3c21f22f56fcf3bc46b94bc60ea4fef6\"},\"breadcrumb\":{\"@id\":\"https:\\\/\\\/dana.com.br\\\/canaldana\\\/2016\\\/09\\\/22\\\/mini-john-cooper-works-clubman-estreia-com-231-cv-e-tracao-integral\\\/#breadcrumb\"},\"inLanguage\":\"pt-BR\",\"potentialAction\":[{\"@type\":\"ReadAction\",\"target\":[\"https:\\\/\\\/dana.com.br\\\/canaldana\\\/2016\\\/09\\\/22\\\/mini-john-cooper-works-clubman-estreia-com-231-cv-e-tracao-integral\\\/\"]}]},{\"@type\":\"BreadcrumbList\",\"@id\":\"https:\\\/\\\/dana.com.br\\\/canaldana\\\/2016\\\/09\\\/22\\\/mini-john-cooper-works-clubman-estreia-com-231-cv-e-tracao-integral\\\/#breadcrumb\",\"itemListElement\":[{\"@type\":\"ListItem\",\"position\":1,\"name\":\"Home\",\"item\":\"https:\\\/\\\/dana.com.br\\\/canaldana\\\/\"},{\"@type\":\"ListItem\",\"position\":2,\"name\":\"Sal\u00e3o de Paris\",\"item\":\"https:\\\/\\\/dana.com.br\\\/canaldana\\\/salao-de-paris\\\/\"},{\"@type\":\"ListItem\",\"position\":3,\"name\":\"MINI John Cooper Works Clubman estreia com 231 cv e tra\u00e7\u00e3o integral\"}]},{\"@type\":\"WebSite\",\"@id\":\"https:\\\/\\\/dana.com.br\\\/canaldana\\\/#website\",\"url\":\"https:\\\/\\\/dana.com.br\\\/canaldana\\\/\",\"name\":\"Canal Dana\",\"description\":\"Informativo com as principais not\u00edcias da ind\u00fastria automotiva\",\"potentialAction\":[{\"@type\":\"SearchAction\",\"target\":{\"@type\":\"EntryPoint\",\"urlTemplate\":\"https:\\\/\\\/dana.com.br\\\/canaldana\\\/?s={search_term_string}\"},\"query-input\":{\"@type\":\"PropertyValueSpecification\",\"valueRequired\":true,\"valueName\":\"search_term_string\"}}],\"inLanguage\":\"pt-BR\"},{\"@type\":\"Person\",\"@id\":\"https:\\\/\\\/dana.com.br\\\/canaldana\\\/#\\\/schema\\\/person\\\/3c21f22f56fcf3bc46b94bc60ea4fef6\",\"name\":\"Canal Dana\",\"image\":{\"@type\":\"ImageObject\",\"inLanguage\":\"pt-BR\",\"@id\":\"https:\\\/\\\/secure.gravatar.com\\\/avatar\\\/420aaf9278582877d9018637c6817617705899d2858d7572ef0fe59a6b6454b4?s=96&d=mm&r=g\",\"url\":\"https:\\\/\\\/secure.gravatar.com\\\/avatar\\\/420aaf9278582877d9018637c6817617705899d2858d7572ef0fe59a6b6454b4?s=96&d=mm&r=g\",\"contentUrl\":\"https:\\\/\\\/secure.gravatar.com\\\/avatar\\\/420aaf9278582877d9018637c6817617705899d2858d7572ef0fe59a6b6454b4?s=96&d=mm&r=g\",\"caption\":\"Canal Dana\"},\"url\":\"https:\\\/\\\/dana.com.br\\\/canaldana\\\/author\\\/cdeditor\\\/\"}]}<\/script>\n<!-- \/ Yoast SEO plugin. -->","yoast_head_json":{"title":"MINI John Cooper Works Clubman estreia com 231 cv e tra\u00e7\u00e3o integral - Canal Dana","robots":{"index":"index","follow":"follow","max-snippet":"max-snippet:-1","max-image-preview":"max-image-preview:large","max-video-preview":"max-video-preview:-1"},"canonical":"https:\/\/dana.com.br\/canaldana\/2016\/09\/22\/mini-john-cooper-works-clubman-estreia-com-231-cv-e-tracao-integral\/","og_locale":"pt_BR","og_type":"article","og_title":"MINI John Cooper Works Clubman estreia com 231 cv e tra\u00e7\u00e3o integral - Canal Dana","og_description":"Carplace &nbsp; O estande da MINI na edi\u00e7\u00e3o deste ano do Sal\u00e3o de Paris ser\u00e1 estrelado pelo mais potente Clubman produzido em s\u00e9rie at\u00e9 hoje. Falo da apimentada vers\u00e3o John Cooper Works, que j\u00e1 \u00e9 oferecida em outros modelos da marca e chega \u00e0 perua com diferenciais no visual e no conjunto mec\u00e2nico. &nbsp; A\u2026 Leia mais \u00bb","og_url":"https:\/\/dana.com.br\/canaldana\/2016\/09\/22\/mini-john-cooper-works-clubman-estreia-com-231-cv-e-tracao-integral\/","og_site_name":"Canal Dana","article_published_time":"2016-09-22T11:09:18+00:00","author":"Canal Dana","twitter_card":"summary_large_image","twitter_misc":{"Escrito por":"Canal Dana","Est. tempo de leitura":"1 minuto"},"schema":{"@context":"https:\/\/schema.org","@graph":[{"@type":"Article","@id":"https:\/\/dana.com.br\/canaldana\/2016\/09\/22\/mini-john-cooper-works-clubman-estreia-com-231-cv-e-tracao-integral\/#article","isPartOf":{"@id":"https:\/\/dana.com.br\/canaldana\/2016\/09\/22\/mini-john-cooper-works-clubman-estreia-com-231-cv-e-tracao-integral\/"},"author":{"name":"Canal Dana","@id":"https:\/\/dana.com.br\/canaldana\/#\/schema\/person\/3c21f22f56fcf3bc46b94bc60ea4fef6"},"headline":"MINI John Cooper Works Clubman estreia com 231 cv e tra\u00e7\u00e3o integral","datePublished":"2016-09-22T11:09:18+00:00","mainEntityOfPage":{"@id":"https:\/\/dana.com.br\/canaldana\/2016\/09\/22\/mini-john-cooper-works-clubman-estreia-com-231-cv-e-tracao-integral\/"},"wordCount":184,"articleSection":["Sal\u00e3o de Paris"],"inLanguage":"pt-BR"},{"@type":"WebPage","@id":"https:\/\/dana.com.br\/canaldana\/2016\/09\/22\/mini-john-cooper-works-clubman-estreia-com-231-cv-e-tracao-integral\/","url":"https:\/\/dana.com.br\/canaldana\/2016\/09\/22\/mini-john-cooper-works-clubman-estreia-com-231-cv-e-tracao-integral\/","name":"MINI John Cooper Works Clubman estreia com 231 cv e tra\u00e7\u00e3o integral - Canal Dana","isPartOf":{"@id":"https:\/\/dana.com.br\/canaldana\/#website"},"datePublished":"2016-09-22T11:09:18+00:00","author":{"@id":"https:\/\/dana.com.br\/canaldana\/#\/schema\/person\/3c21f22f56fcf3bc46b94bc60ea4fef6"},"breadcrumb":{"@id":"https:\/\/dana.com.br\/canaldana\/2016\/09\/22\/mini-john-cooper-works-clubman-estreia-com-231-cv-e-tracao-integral\/#breadcrumb"},"inLanguage":"pt-BR","potentialAction":[{"@type":"ReadAction","target":["https:\/\/dana.com.br\/canaldana\/2016\/09\/22\/mini-john-cooper-works-clubman-estreia-com-231-cv-e-tracao-integral\/"]}]},{"@type":"BreadcrumbList","@id":"https:\/\/dana.com.br\/canaldana\/2016\/09\/22\/mini-john-cooper-works-clubman-estreia-com-231-cv-e-tracao-integral\/#breadcrumb","itemListElement":[{"@type":"ListItem","position":1,"name":"Home","item":"https:\/\/dana.com.br\/canaldana\/"},{"@type":"ListItem","position":2,"name":"Sal\u00e3o de Paris","item":"https:\/\/dana.com.br\/canaldana\/salao-de-paris\/"},{"@type":"ListItem","position":3,"name":"MINI John Cooper Works Clubman estreia com 231 cv e tra\u00e7\u00e3o integral"}]},{"@type":"WebSite","@id":"https:\/\/dana.com.br\/canaldana\/#website","url":"https:\/\/dana.com.br\/canaldana\/","name":"Canal Dana","description":"Informativo com as principais not\u00edcias da ind\u00fastria automotiva","potentialAction":[{"@type":"SearchAction","target":{"@type":"EntryPoint","urlTemplate":"https:\/\/dana.com.br\/canaldana\/?s={search_term_string}"},"query-input":{"@type":"PropertyValueSpecification","valueRequired":true,"valueName":"search_term_string"}}],"inLanguage":"pt-BR"},{"@type":"Person","@id":"https:\/\/dana.com.br\/canaldana\/#\/schema\/person\/3c21f22f56fcf3bc46b94bc60ea4fef6","name":"Canal Dana","image":{"@type":"ImageObject","inLanguage":"pt-BR","@id":"https:\/\/secure.gravatar.com\/avatar\/420aaf9278582877d9018637c6817617705899d2858d7572ef0fe59a6b6454b4?s=96&d=mm&r=g","url":"https:\/\/secure.gravatar.com\/avatar\/420aaf9278582877d9018637c6817617705899d2858d7572ef0fe59a6b6454b4?s=96&d=mm&r=g","contentUrl":"https:\/\/secure.gravatar.com\/avatar\/420aaf9278582877d9018637c6817617705899d2858d7572ef0fe59a6b6454b4?s=96&d=mm&r=g","caption":"Canal Dana"},"url":"https:\/\/dana.com.br\/canaldana\/author\/cdeditor\/"}]}},"_links":{"self":[{"href":"https:\/\/dana.com.br\/canaldana\/wp-json\/wp\/v2\/posts\/11726","targetHints":{"allow":["GET"]}}],"collection":[{"href":"https:\/\/dana.com.br\/canaldana\/wp-json\/wp\/v2\/posts"}],"about":[{"href":"https:\/\/dana.com.br\/canaldana\/wp-json\/wp\/v2\/types\/post"}],"author":[{"embeddable":true,"href":"https:\/\/dana.com.br\/canaldana\/wp-json\/wp\/v2\/users\/3"}],"replies":[{"embeddable":true,"href":"https:\/\/dana.com.br\/canaldana\/wp-json\/wp\/v2\/comments?post=11726"}],"version-history":[{"count":0,"href":"https:\/\/dana.com.br\/canaldana\/wp-json\/wp\/v2\/posts\/11726\/revisions"}],"wp:attachment":[{"href":"https:\/\/dana.com.br\/canaldana\/wp-json\/wp\/v2\/media?parent=11726"}],"wp:term":[{"taxonomy":"category","embeddable":true,"href":"https:\/\/dana.com.br\/canaldana\/wp-json\/wp\/v2\/categories?post=11726"},{"taxonomy":"post_tag","embeddable":true,"href":"https:\/\/dana.com.br\/canaldana\/wp-json\/wp\/v2\/tags?post=11726"}],"curies":[{"name":"wp","href":"https:\/\/api.w.org\/{rel}","templated":true}]}}