{"id":11673,"date":"2016-09-20T08:27:45","date_gmt":"2016-09-20T11:27:45","guid":{"rendered":"http:\/\/dana.com.br\/canaldana\/?p=11673"},"modified":"2016-09-20T08:27:45","modified_gmt":"2016-09-20T11:27:45","slug":"volkswagen-promete-100-mil-carros-em-dois-meses","status":"publish","type":"post","link":"https:\/\/dana.com.br\/canaldana\/2016\/09\/20\/volkswagen-promete-100-mil-carros-em-dois-meses\/","title":{"rendered":"Volkswagen promete 100 mil carros em dois meses"},"content":{"rendered":"<p><em>O Mundo em Movimento<\/em><\/p>\n<p>&nbsp;<\/p>\n<p>Depois de perder tr\u00eas postos no ranking, a Volkswagen inicia a recupera\u00e7\u00e3o com a perspectiva de dobrar o volume de vendas mensais nos pr\u00f3ximos dois meses \u2013 outubro e novembro \u2013 e assim retomar o terceiro lugar nas vendas ao mercado interno.<\/p>\n<p>&nbsp;<\/p>\n<p>Tradicionalmente terceira colocada no ranking de vendas internas, a Volkswagen caiu para a sexta posi\u00e7\u00e3o na primeira quinzena de setembro.<\/p>\n<p>&nbsp;<\/p>\n<p>A empresa promete fabricar 100 mil carros nos pr\u00f3ximos dois meses para recuperar pelo menos em parte as vendas perdidas.<\/p>\n<p>&nbsp;<\/p>\n<p>As f\u00e1bricas de Taubat\u00e9, S\u00e3o Jos\u00e9 dos Pinhais e S\u00e3o Carlos voltaram a produzir na \u00faltima quinta-feira, dia 15, depois de um m\u00eas de f\u00e9rias coletivas, sendo que a produ\u00e7\u00e3o ser\u00e1 retomada aos poucos e normalizada at\u00e9 o fim do m\u00eas.<\/p>\n<p>&nbsp;<\/p>\n<p>A paralisa\u00e7\u00e3o da produ\u00e7\u00e3o ocorreu por descumprimento de contrato com o grupo Prevent, que re\u00fane diversos fornecedores da empresa, principalmente bancos para o Gol, o Fox e o Up.<\/p>\n<p>&nbsp;<\/p>\n<p>\u201cRescindir os contratos e recorrer \u00e0 Justi\u00e7a para reaver os ferramentais de sua propriedade foi a \u00faltima alternativa da Volkswagen, ap\u00f3s o descumprimento de onze acordos comerciais estabelecidos com o Grupo Prevent desde mar\u00e7o de 2015, quando tiveram in\u00edcio as interrup\u00e7\u00f5es de fornecimento que geraram a perda de produ\u00e7\u00e3o de mais de 150 mil ve\u00edculos em mais de 160 dias de paralisa\u00e7\u00e3o\u201d, revelou o comunicado da empresa.<\/p>\n<p>&nbsp;<\/p>\n<p>A Volkswagen do Brasil nomeou dez fornecedores para restabelecer a produ\u00e7\u00e3o.<\/p>\n<p>&nbsp;<\/p>\n<p>A f\u00e1brica Anchieta ainda est\u00e1 parada; vai retomar a produ\u00e7\u00e3o nesta quarta-feira (21). (O Mundo em Movimento\/Joel Leite)<\/p>\n","protected":false},"excerpt":{"rendered":"<p>O Mundo em Movimento &nbsp; Depois de perder tr\u00eas postos no ranking, a Volkswagen inicia a recupera\u00e7\u00e3o com a perspectiva de dobrar o volume de vendas mensais nos pr\u00f3ximos dois meses \u2013 outubro e novembro \u2013 e assim retomar o terceiro lugar nas vendas ao mercado interno. &nbsp; Tradicionalmente terceira colocada no ranking de vendas\u2026 <a class=\"readmore\" href=\"https:\/\/dana.com.br\/canaldana\/2016\/09\/20\/volkswagen-promete-100-mil-carros-em-dois-meses\/\">Leia mais \u00bb<\/a><\/p>\n","protected":false},"author":3,"featured_media":0,"comment_status":"closed","ping_status":"closed","sticky":false,"template":"","format":"standard","meta":{"_acf_changed":false,"footnotes":""},"categories":[61],"tags":[],"class_list":["post-11673","post","type-post","status-publish","format-standard","hentry","category-destaques"],"acf":[],"yoast_head":"<!-- This site is optimized with the Yoast SEO plugin v27.3 - https:\/\/yoast.com\/product\/yoast-seo-wordpress\/ -->\n<title>Volkswagen promete 100 mil carros em dois meses - Canal Dana<\/title>\n<meta name=\"robots\" content=\"index, follow, max-snippet:-1, max-image-preview:large, max-video-preview:-1\" \/>\n<link rel=\"canonical\" href=\"https:\/\/dana.com.br\/canaldana\/2016\/09\/20\/volkswagen-promete-100-mil-carros-em-dois-meses\/\" \/>\n<meta property=\"og:locale\" content=\"pt_BR\" \/>\n<meta property=\"og:type\" content=\"article\" \/>\n<meta property=\"og:title\" content=\"Volkswagen promete 100 mil carros em dois meses - Canal Dana\" \/>\n<meta property=\"og:description\" content=\"O Mundo em Movimento &nbsp; Depois de perder tr\u00eas postos no ranking, a Volkswagen inicia a recupera\u00e7\u00e3o com a perspectiva de dobrar o volume de vendas mensais nos pr\u00f3ximos dois meses \u2013 outubro e novembro \u2013 e assim retomar o terceiro lugar nas vendas ao mercado interno. &nbsp; Tradicionalmente terceira colocada no ranking de vendas\u2026 Leia mais \u00bb\" \/>\n<meta property=\"og:url\" content=\"https:\/\/dana.com.br\/canaldana\/2016\/09\/20\/volkswagen-promete-100-mil-carros-em-dois-meses\/\" \/>\n<meta property=\"og:site_name\" content=\"Canal Dana\" \/>\n<meta property=\"article:published_time\" content=\"2016-09-20T11:27:45+00:00\" \/>\n<meta name=\"author\" content=\"Canal Dana\" \/>\n<meta name=\"twitter:card\" content=\"summary_large_image\" \/>\n<meta name=\"twitter:label1\" content=\"Escrito por\" \/>\n\t<meta name=\"twitter:data1\" content=\"Canal Dana\" \/>\n\t<meta name=\"twitter:label2\" content=\"Est. tempo de leitura\" \/>\n\t<meta name=\"twitter:data2\" content=\"1 minuto\" \/>\n<script type=\"application\/ld+json\" class=\"yoast-schema-graph\">{\"@context\":\"https:\\\/\\\/schema.org\",\"@graph\":[{\"@type\":\"Article\",\"@id\":\"https:\\\/\\\/dana.com.br\\\/canaldana\\\/2016\\\/09\\\/20\\\/volkswagen-promete-100-mil-carros-em-dois-meses\\\/#article\",\"isPartOf\":{\"@id\":\"https:\\\/\\\/dana.com.br\\\/canaldana\\\/2016\\\/09\\\/20\\\/volkswagen-promete-100-mil-carros-em-dois-meses\\\/\"},\"author\":{\"name\":\"Canal Dana\",\"@id\":\"https:\\\/\\\/dana.com.br\\\/canaldana\\\/#\\\/schema\\\/person\\\/3c21f22f56fcf3bc46b94bc60ea4fef6\"},\"headline\":\"Volkswagen promete 100 mil carros em dois meses\",\"datePublished\":\"2016-09-20T11:27:45+00:00\",\"mainEntityOfPage\":{\"@id\":\"https:\\\/\\\/dana.com.br\\\/canaldana\\\/2016\\\/09\\\/20\\\/volkswagen-promete-100-mil-carros-em-dois-meses\\\/\"},\"wordCount\":285,\"articleSection\":[\"Destaques\"],\"inLanguage\":\"pt-BR\"},{\"@type\":\"WebPage\",\"@id\":\"https:\\\/\\\/dana.com.br\\\/canaldana\\\/2016\\\/09\\\/20\\\/volkswagen-promete-100-mil-carros-em-dois-meses\\\/\",\"url\":\"https:\\\/\\\/dana.com.br\\\/canaldana\\\/2016\\\/09\\\/20\\\/volkswagen-promete-100-mil-carros-em-dois-meses\\\/\",\"name\":\"Volkswagen promete 100 mil carros em dois meses - Canal Dana\",\"isPartOf\":{\"@id\":\"https:\\\/\\\/dana.com.br\\\/canaldana\\\/#website\"},\"datePublished\":\"2016-09-20T11:27:45+00:00\",\"author\":{\"@id\":\"https:\\\/\\\/dana.com.br\\\/canaldana\\\/#\\\/schema\\\/person\\\/3c21f22f56fcf3bc46b94bc60ea4fef6\"},\"breadcrumb\":{\"@id\":\"https:\\\/\\\/dana.com.br\\\/canaldana\\\/2016\\\/09\\\/20\\\/volkswagen-promete-100-mil-carros-em-dois-meses\\\/#breadcrumb\"},\"inLanguage\":\"pt-BR\",\"potentialAction\":[{\"@type\":\"ReadAction\",\"target\":[\"https:\\\/\\\/dana.com.br\\\/canaldana\\\/2016\\\/09\\\/20\\\/volkswagen-promete-100-mil-carros-em-dois-meses\\\/\"]}]},{\"@type\":\"BreadcrumbList\",\"@id\":\"https:\\\/\\\/dana.com.br\\\/canaldana\\\/2016\\\/09\\\/20\\\/volkswagen-promete-100-mil-carros-em-dois-meses\\\/#breadcrumb\",\"itemListElement\":[{\"@type\":\"ListItem\",\"position\":1,\"name\":\"Home\",\"item\":\"https:\\\/\\\/dana.com.br\\\/canaldana\\\/\"},{\"@type\":\"ListItem\",\"position\":2,\"name\":\"Destaques\",\"item\":\"https:\\\/\\\/dana.com.br\\\/canaldana\\\/destaques\\\/\"},{\"@type\":\"ListItem\",\"position\":3,\"name\":\"Volkswagen promete 100 mil carros em dois meses\"}]},{\"@type\":\"WebSite\",\"@id\":\"https:\\\/\\\/dana.com.br\\\/canaldana\\\/#website\",\"url\":\"https:\\\/\\\/dana.com.br\\\/canaldana\\\/\",\"name\":\"Canal Dana\",\"description\":\"Informativo com as principais not\u00edcias da ind\u00fastria automotiva\",\"potentialAction\":[{\"@type\":\"SearchAction\",\"target\":{\"@type\":\"EntryPoint\",\"urlTemplate\":\"https:\\\/\\\/dana.com.br\\\/canaldana\\\/?s={search_term_string}\"},\"query-input\":{\"@type\":\"PropertyValueSpecification\",\"valueRequired\":true,\"valueName\":\"search_term_string\"}}],\"inLanguage\":\"pt-BR\"},{\"@type\":\"Person\",\"@id\":\"https:\\\/\\\/dana.com.br\\\/canaldana\\\/#\\\/schema\\\/person\\\/3c21f22f56fcf3bc46b94bc60ea4fef6\",\"name\":\"Canal Dana\",\"image\":{\"@type\":\"ImageObject\",\"inLanguage\":\"pt-BR\",\"@id\":\"https:\\\/\\\/secure.gravatar.com\\\/avatar\\\/420aaf9278582877d9018637c6817617705899d2858d7572ef0fe59a6b6454b4?s=96&d=mm&r=g\",\"url\":\"https:\\\/\\\/secure.gravatar.com\\\/avatar\\\/420aaf9278582877d9018637c6817617705899d2858d7572ef0fe59a6b6454b4?s=96&d=mm&r=g\",\"contentUrl\":\"https:\\\/\\\/secure.gravatar.com\\\/avatar\\\/420aaf9278582877d9018637c6817617705899d2858d7572ef0fe59a6b6454b4?s=96&d=mm&r=g\",\"caption\":\"Canal Dana\"},\"url\":\"https:\\\/\\\/dana.com.br\\\/canaldana\\\/author\\\/cdeditor\\\/\"}]}<\/script>\n<!-- \/ Yoast SEO plugin. -->","yoast_head_json":{"title":"Volkswagen promete 100 mil carros em dois meses - Canal Dana","robots":{"index":"index","follow":"follow","max-snippet":"max-snippet:-1","max-image-preview":"max-image-preview:large","max-video-preview":"max-video-preview:-1"},"canonical":"https:\/\/dana.com.br\/canaldana\/2016\/09\/20\/volkswagen-promete-100-mil-carros-em-dois-meses\/","og_locale":"pt_BR","og_type":"article","og_title":"Volkswagen promete 100 mil carros em dois meses - Canal Dana","og_description":"O Mundo em Movimento &nbsp; Depois de perder tr\u00eas postos no ranking, a Volkswagen inicia a recupera\u00e7\u00e3o com a perspectiva de dobrar o volume de vendas mensais nos pr\u00f3ximos dois meses \u2013 outubro e novembro \u2013 e assim retomar o terceiro lugar nas vendas ao mercado interno. &nbsp; Tradicionalmente terceira colocada no ranking de vendas\u2026 Leia mais \u00bb","og_url":"https:\/\/dana.com.br\/canaldana\/2016\/09\/20\/volkswagen-promete-100-mil-carros-em-dois-meses\/","og_site_name":"Canal Dana","article_published_time":"2016-09-20T11:27:45+00:00","author":"Canal Dana","twitter_card":"summary_large_image","twitter_misc":{"Escrito por":"Canal Dana","Est. tempo de leitura":"1 minuto"},"schema":{"@context":"https:\/\/schema.org","@graph":[{"@type":"Article","@id":"https:\/\/dana.com.br\/canaldana\/2016\/09\/20\/volkswagen-promete-100-mil-carros-em-dois-meses\/#article","isPartOf":{"@id":"https:\/\/dana.com.br\/canaldana\/2016\/09\/20\/volkswagen-promete-100-mil-carros-em-dois-meses\/"},"author":{"name":"Canal Dana","@id":"https:\/\/dana.com.br\/canaldana\/#\/schema\/person\/3c21f22f56fcf3bc46b94bc60ea4fef6"},"headline":"Volkswagen promete 100 mil carros em dois meses","datePublished":"2016-09-20T11:27:45+00:00","mainEntityOfPage":{"@id":"https:\/\/dana.com.br\/canaldana\/2016\/09\/20\/volkswagen-promete-100-mil-carros-em-dois-meses\/"},"wordCount":285,"articleSection":["Destaques"],"inLanguage":"pt-BR"},{"@type":"WebPage","@id":"https:\/\/dana.com.br\/canaldana\/2016\/09\/20\/volkswagen-promete-100-mil-carros-em-dois-meses\/","url":"https:\/\/dana.com.br\/canaldana\/2016\/09\/20\/volkswagen-promete-100-mil-carros-em-dois-meses\/","name":"Volkswagen promete 100 mil carros em dois meses - Canal Dana","isPartOf":{"@id":"https:\/\/dana.com.br\/canaldana\/#website"},"datePublished":"2016-09-20T11:27:45+00:00","author":{"@id":"https:\/\/dana.com.br\/canaldana\/#\/schema\/person\/3c21f22f56fcf3bc46b94bc60ea4fef6"},"breadcrumb":{"@id":"https:\/\/dana.com.br\/canaldana\/2016\/09\/20\/volkswagen-promete-100-mil-carros-em-dois-meses\/#breadcrumb"},"inLanguage":"pt-BR","potentialAction":[{"@type":"ReadAction","target":["https:\/\/dana.com.br\/canaldana\/2016\/09\/20\/volkswagen-promete-100-mil-carros-em-dois-meses\/"]}]},{"@type":"BreadcrumbList","@id":"https:\/\/dana.com.br\/canaldana\/2016\/09\/20\/volkswagen-promete-100-mil-carros-em-dois-meses\/#breadcrumb","itemListElement":[{"@type":"ListItem","position":1,"name":"Home","item":"https:\/\/dana.com.br\/canaldana\/"},{"@type":"ListItem","position":2,"name":"Destaques","item":"https:\/\/dana.com.br\/canaldana\/destaques\/"},{"@type":"ListItem","position":3,"name":"Volkswagen promete 100 mil carros em dois meses"}]},{"@type":"WebSite","@id":"https:\/\/dana.com.br\/canaldana\/#website","url":"https:\/\/dana.com.br\/canaldana\/","name":"Canal Dana","description":"Informativo com as principais not\u00edcias da ind\u00fastria automotiva","potentialAction":[{"@type":"SearchAction","target":{"@type":"EntryPoint","urlTemplate":"https:\/\/dana.com.br\/canaldana\/?s={search_term_string}"},"query-input":{"@type":"PropertyValueSpecification","valueRequired":true,"valueName":"search_term_string"}}],"inLanguage":"pt-BR"},{"@type":"Person","@id":"https:\/\/dana.com.br\/canaldana\/#\/schema\/person\/3c21f22f56fcf3bc46b94bc60ea4fef6","name":"Canal Dana","image":{"@type":"ImageObject","inLanguage":"pt-BR","@id":"https:\/\/secure.gravatar.com\/avatar\/420aaf9278582877d9018637c6817617705899d2858d7572ef0fe59a6b6454b4?s=96&d=mm&r=g","url":"https:\/\/secure.gravatar.com\/avatar\/420aaf9278582877d9018637c6817617705899d2858d7572ef0fe59a6b6454b4?s=96&d=mm&r=g","contentUrl":"https:\/\/secure.gravatar.com\/avatar\/420aaf9278582877d9018637c6817617705899d2858d7572ef0fe59a6b6454b4?s=96&d=mm&r=g","caption":"Canal Dana"},"url":"https:\/\/dana.com.br\/canaldana\/author\/cdeditor\/"}]}},"_links":{"self":[{"href":"https:\/\/dana.com.br\/canaldana\/wp-json\/wp\/v2\/posts\/11673","targetHints":{"allow":["GET"]}}],"collection":[{"href":"https:\/\/dana.com.br\/canaldana\/wp-json\/wp\/v2\/posts"}],"about":[{"href":"https:\/\/dana.com.br\/canaldana\/wp-json\/wp\/v2\/types\/post"}],"author":[{"embeddable":true,"href":"https:\/\/dana.com.br\/canaldana\/wp-json\/wp\/v2\/users\/3"}],"replies":[{"embeddable":true,"href":"https:\/\/dana.com.br\/canaldana\/wp-json\/wp\/v2\/comments?post=11673"}],"version-history":[{"count":0,"href":"https:\/\/dana.com.br\/canaldana\/wp-json\/wp\/v2\/posts\/11673\/revisions"}],"wp:attachment":[{"href":"https:\/\/dana.com.br\/canaldana\/wp-json\/wp\/v2\/media?parent=11673"}],"wp:term":[{"taxonomy":"category","embeddable":true,"href":"https:\/\/dana.com.br\/canaldana\/wp-json\/wp\/v2\/categories?post=11673"},{"taxonomy":"post_tag","embeddable":true,"href":"https:\/\/dana.com.br\/canaldana\/wp-json\/wp\/v2\/tags?post=11673"}],"curies":[{"name":"wp","href":"https:\/\/api.w.org\/{rel}","templated":true}]}}