{"id":11534,"date":"2016-09-14T08:18:53","date_gmt":"2016-09-14T11:18:53","guid":{"rendered":"http:\/\/dana.com.br\/canaldana\/?p=11534"},"modified":"2016-09-14T08:18:53","modified_gmt":"2016-09-14T11:18:53","slug":"volkswagen-vai-acelerar-producao-para-repor-estoque-apos-ferias-coletivas","status":"publish","type":"post","link":"https:\/\/dana.com.br\/canaldana\/2016\/09\/14\/volkswagen-vai-acelerar-producao-para-repor-estoque-apos-ferias-coletivas\/","title":{"rendered":"Volkswagen vai acelerar produ\u00e7\u00e3o para repor estoque ap\u00f3s f\u00e9rias coletivas"},"content":{"rendered":"<p><em>O Estado de S. Paulo<\/em><\/p>\n<p>&nbsp;<\/p>\n<p>O presidente da Volkswagen no Pa\u00eds, David Powels, informou ontem, 13, que a montadora vai acelerar a produ\u00e7\u00e3o para um ritmo mensal superior a 50 mil carros entre outubro e novembro para repor os estoques consumidos durante a paralisa\u00e7\u00e3o nas f\u00e1bricas do grupo.<\/p>\n<p>&nbsp;<\/p>\n<p>Antes de desligar as m\u00e1quinas por falta de pe\u00e7as, a terceira montadora em vendas no Brasil vinha produzindo uma m\u00e9dia de 35 mil autom\u00f3veis por m\u00eas em suas tr\u00eas f\u00e1bricas. Em virtude da paralisa\u00e7\u00e3o, anunciada ap\u00f3s a Volks rescindir o contrato com um grupo de fornecedores com quem trava uma disputa comercial, Powels disse que a marca perdeu mercado porque ficou sem alguns modelos a oferecer aos consumidores. Segundo o executivo, a montadora est\u00e1 sem estoque suficiente para abastecer a rede de concession\u00e1rias, uma situa\u00e7\u00e3o que pretende solucionar com o aumento na velocidade da produ\u00e7\u00e3o nos pr\u00f3ximos dois meses.<\/p>\n<p>&nbsp;<\/p>\n<p>Depois de cerca de um m\u00eas em f\u00e9rias coletivas, as f\u00e1bricas da Volkswagen voltar\u00e3o gradualmente a produzir em uma ou duas semanas, adiantou o executivo sul-africano. Em Taubat\u00e9 (SP) e em S\u00e3o Jos\u00e9 dos Pinhais (PR), assim como na unidade que produz motores em S\u00e3o Carlos (SP), os funcion\u00e1rios voltam ao trabalho na quinta feira. J\u00e1 na f\u00e1brica de S\u00e3o Bernardo do Campo, no ABC paulista, o retorno do pessoal est\u00e1 marcado para a pr\u00f3xima ter\u00e7a-feira.<\/p>\n<p>&nbsp;<\/p>\n<p>Ap\u00f3s participar de f\u00f3rum realizado na capital paulista pela revista Quatro Rodas, Powels informou que a montadora est\u00e1 resolvendo o problema no fornecimento de pe\u00e7as, com a substitui\u00e7\u00e3o do grupo que teve o contrato encerrado por fornecedores nacionais. &#8220;N\u00f3s tivemos durante os \u00faltimos vinte meses muitos problemas com um grupo de fornecedores. Agora, estamos resolvendo. N\u00e3o quero falar mais sobre esse assunto, mas foi um problema durante um longo per\u00edodo&#8221;, disse o executivo. (O Estado de S. Paulo\/Eduardo Laguna)<\/p>\n","protected":false},"excerpt":{"rendered":"<p>O Estado de S. Paulo &nbsp; O presidente da Volkswagen no Pa\u00eds, David Powels, informou ontem, 13, que a montadora vai acelerar a produ\u00e7\u00e3o para um ritmo mensal superior a 50 mil carros entre outubro e novembro para repor os estoques consumidos durante a paralisa\u00e7\u00e3o nas f\u00e1bricas do grupo. &nbsp; Antes de desligar as m\u00e1quinas\u2026 <a class=\"readmore\" href=\"https:\/\/dana.com.br\/canaldana\/2016\/09\/14\/volkswagen-vai-acelerar-producao-para-repor-estoque-apos-ferias-coletivas\/\">Leia mais \u00bb<\/a><\/p>\n","protected":false},"author":3,"featured_media":0,"comment_status":"closed","ping_status":"closed","sticky":false,"template":"","format":"standard","meta":{"_acf_changed":false,"footnotes":""},"categories":[61],"tags":[],"class_list":["post-11534","post","type-post","status-publish","format-standard","hentry","category-destaques"],"acf":[],"yoast_head":"<!-- This site is optimized with the Yoast SEO plugin v27.3 - https:\/\/yoast.com\/product\/yoast-seo-wordpress\/ -->\n<title>Volkswagen vai acelerar produ\u00e7\u00e3o para repor estoque ap\u00f3s f\u00e9rias coletivas - Canal Dana<\/title>\n<meta name=\"robots\" content=\"index, follow, max-snippet:-1, max-image-preview:large, max-video-preview:-1\" \/>\n<link rel=\"canonical\" href=\"https:\/\/dana.com.br\/canaldana\/2016\/09\/14\/volkswagen-vai-acelerar-producao-para-repor-estoque-apos-ferias-coletivas\/\" \/>\n<meta property=\"og:locale\" content=\"pt_BR\" \/>\n<meta property=\"og:type\" content=\"article\" \/>\n<meta property=\"og:title\" content=\"Volkswagen vai acelerar produ\u00e7\u00e3o para repor estoque ap\u00f3s f\u00e9rias coletivas - Canal Dana\" \/>\n<meta property=\"og:description\" content=\"O Estado de S. Paulo &nbsp; O presidente da Volkswagen no Pa\u00eds, David Powels, informou ontem, 13, que a montadora vai acelerar a produ\u00e7\u00e3o para um ritmo mensal superior a 50 mil carros entre outubro e novembro para repor os estoques consumidos durante a paralisa\u00e7\u00e3o nas f\u00e1bricas do grupo. &nbsp; Antes de desligar as m\u00e1quinas\u2026 Leia mais \u00bb\" \/>\n<meta property=\"og:url\" content=\"https:\/\/dana.com.br\/canaldana\/2016\/09\/14\/volkswagen-vai-acelerar-producao-para-repor-estoque-apos-ferias-coletivas\/\" \/>\n<meta property=\"og:site_name\" content=\"Canal Dana\" \/>\n<meta property=\"article:published_time\" content=\"2016-09-14T11:18:53+00:00\" \/>\n<meta name=\"author\" content=\"Canal Dana\" \/>\n<meta name=\"twitter:card\" content=\"summary_large_image\" \/>\n<meta name=\"twitter:label1\" content=\"Escrito por\" \/>\n\t<meta name=\"twitter:data1\" content=\"Canal Dana\" \/>\n\t<meta name=\"twitter:label2\" content=\"Est. tempo de leitura\" \/>\n\t<meta name=\"twitter:data2\" content=\"2 minutos\" \/>\n<script type=\"application\/ld+json\" class=\"yoast-schema-graph\">{\"@context\":\"https:\\\/\\\/schema.org\",\"@graph\":[{\"@type\":\"Article\",\"@id\":\"https:\\\/\\\/dana.com.br\\\/canaldana\\\/2016\\\/09\\\/14\\\/volkswagen-vai-acelerar-producao-para-repor-estoque-apos-ferias-coletivas\\\/#article\",\"isPartOf\":{\"@id\":\"https:\\\/\\\/dana.com.br\\\/canaldana\\\/2016\\\/09\\\/14\\\/volkswagen-vai-acelerar-producao-para-repor-estoque-apos-ferias-coletivas\\\/\"},\"author\":{\"name\":\"Canal Dana\",\"@id\":\"https:\\\/\\\/dana.com.br\\\/canaldana\\\/#\\\/schema\\\/person\\\/3c21f22f56fcf3bc46b94bc60ea4fef6\"},\"headline\":\"Volkswagen vai acelerar produ\u00e7\u00e3o para repor estoque ap\u00f3s f\u00e9rias coletivas\",\"datePublished\":\"2016-09-14T11:18:53+00:00\",\"mainEntityOfPage\":{\"@id\":\"https:\\\/\\\/dana.com.br\\\/canaldana\\\/2016\\\/09\\\/14\\\/volkswagen-vai-acelerar-producao-para-repor-estoque-apos-ferias-coletivas\\\/\"},\"wordCount\":352,\"articleSection\":[\"Destaques\"],\"inLanguage\":\"pt-BR\"},{\"@type\":\"WebPage\",\"@id\":\"https:\\\/\\\/dana.com.br\\\/canaldana\\\/2016\\\/09\\\/14\\\/volkswagen-vai-acelerar-producao-para-repor-estoque-apos-ferias-coletivas\\\/\",\"url\":\"https:\\\/\\\/dana.com.br\\\/canaldana\\\/2016\\\/09\\\/14\\\/volkswagen-vai-acelerar-producao-para-repor-estoque-apos-ferias-coletivas\\\/\",\"name\":\"Volkswagen vai acelerar produ\u00e7\u00e3o para repor estoque ap\u00f3s f\u00e9rias coletivas - Canal Dana\",\"isPartOf\":{\"@id\":\"https:\\\/\\\/dana.com.br\\\/canaldana\\\/#website\"},\"datePublished\":\"2016-09-14T11:18:53+00:00\",\"author\":{\"@id\":\"https:\\\/\\\/dana.com.br\\\/canaldana\\\/#\\\/schema\\\/person\\\/3c21f22f56fcf3bc46b94bc60ea4fef6\"},\"breadcrumb\":{\"@id\":\"https:\\\/\\\/dana.com.br\\\/canaldana\\\/2016\\\/09\\\/14\\\/volkswagen-vai-acelerar-producao-para-repor-estoque-apos-ferias-coletivas\\\/#breadcrumb\"},\"inLanguage\":\"pt-BR\",\"potentialAction\":[{\"@type\":\"ReadAction\",\"target\":[\"https:\\\/\\\/dana.com.br\\\/canaldana\\\/2016\\\/09\\\/14\\\/volkswagen-vai-acelerar-producao-para-repor-estoque-apos-ferias-coletivas\\\/\"]}]},{\"@type\":\"BreadcrumbList\",\"@id\":\"https:\\\/\\\/dana.com.br\\\/canaldana\\\/2016\\\/09\\\/14\\\/volkswagen-vai-acelerar-producao-para-repor-estoque-apos-ferias-coletivas\\\/#breadcrumb\",\"itemListElement\":[{\"@type\":\"ListItem\",\"position\":1,\"name\":\"Home\",\"item\":\"https:\\\/\\\/dana.com.br\\\/canaldana\\\/\"},{\"@type\":\"ListItem\",\"position\":2,\"name\":\"Destaques\",\"item\":\"https:\\\/\\\/dana.com.br\\\/canaldana\\\/destaques\\\/\"},{\"@type\":\"ListItem\",\"position\":3,\"name\":\"Volkswagen vai acelerar produ\u00e7\u00e3o para repor estoque ap\u00f3s f\u00e9rias coletivas\"}]},{\"@type\":\"WebSite\",\"@id\":\"https:\\\/\\\/dana.com.br\\\/canaldana\\\/#website\",\"url\":\"https:\\\/\\\/dana.com.br\\\/canaldana\\\/\",\"name\":\"Canal Dana\",\"description\":\"Informativo com as principais not\u00edcias da ind\u00fastria automotiva\",\"potentialAction\":[{\"@type\":\"SearchAction\",\"target\":{\"@type\":\"EntryPoint\",\"urlTemplate\":\"https:\\\/\\\/dana.com.br\\\/canaldana\\\/?s={search_term_string}\"},\"query-input\":{\"@type\":\"PropertyValueSpecification\",\"valueRequired\":true,\"valueName\":\"search_term_string\"}}],\"inLanguage\":\"pt-BR\"},{\"@type\":\"Person\",\"@id\":\"https:\\\/\\\/dana.com.br\\\/canaldana\\\/#\\\/schema\\\/person\\\/3c21f22f56fcf3bc46b94bc60ea4fef6\",\"name\":\"Canal Dana\",\"image\":{\"@type\":\"ImageObject\",\"inLanguage\":\"pt-BR\",\"@id\":\"https:\\\/\\\/secure.gravatar.com\\\/avatar\\\/420aaf9278582877d9018637c6817617705899d2858d7572ef0fe59a6b6454b4?s=96&d=mm&r=g\",\"url\":\"https:\\\/\\\/secure.gravatar.com\\\/avatar\\\/420aaf9278582877d9018637c6817617705899d2858d7572ef0fe59a6b6454b4?s=96&d=mm&r=g\",\"contentUrl\":\"https:\\\/\\\/secure.gravatar.com\\\/avatar\\\/420aaf9278582877d9018637c6817617705899d2858d7572ef0fe59a6b6454b4?s=96&d=mm&r=g\",\"caption\":\"Canal Dana\"},\"url\":\"https:\\\/\\\/dana.com.br\\\/canaldana\\\/author\\\/cdeditor\\\/\"}]}<\/script>\n<!-- \/ Yoast SEO plugin. -->","yoast_head_json":{"title":"Volkswagen vai acelerar produ\u00e7\u00e3o para repor estoque ap\u00f3s f\u00e9rias coletivas - Canal Dana","robots":{"index":"index","follow":"follow","max-snippet":"max-snippet:-1","max-image-preview":"max-image-preview:large","max-video-preview":"max-video-preview:-1"},"canonical":"https:\/\/dana.com.br\/canaldana\/2016\/09\/14\/volkswagen-vai-acelerar-producao-para-repor-estoque-apos-ferias-coletivas\/","og_locale":"pt_BR","og_type":"article","og_title":"Volkswagen vai acelerar produ\u00e7\u00e3o para repor estoque ap\u00f3s f\u00e9rias coletivas - Canal Dana","og_description":"O Estado de S. Paulo &nbsp; O presidente da Volkswagen no Pa\u00eds, David Powels, informou ontem, 13, que a montadora vai acelerar a produ\u00e7\u00e3o para um ritmo mensal superior a 50 mil carros entre outubro e novembro para repor os estoques consumidos durante a paralisa\u00e7\u00e3o nas f\u00e1bricas do grupo. &nbsp; Antes de desligar as m\u00e1quinas\u2026 Leia mais \u00bb","og_url":"https:\/\/dana.com.br\/canaldana\/2016\/09\/14\/volkswagen-vai-acelerar-producao-para-repor-estoque-apos-ferias-coletivas\/","og_site_name":"Canal Dana","article_published_time":"2016-09-14T11:18:53+00:00","author":"Canal Dana","twitter_card":"summary_large_image","twitter_misc":{"Escrito por":"Canal Dana","Est. tempo de leitura":"2 minutos"},"schema":{"@context":"https:\/\/schema.org","@graph":[{"@type":"Article","@id":"https:\/\/dana.com.br\/canaldana\/2016\/09\/14\/volkswagen-vai-acelerar-producao-para-repor-estoque-apos-ferias-coletivas\/#article","isPartOf":{"@id":"https:\/\/dana.com.br\/canaldana\/2016\/09\/14\/volkswagen-vai-acelerar-producao-para-repor-estoque-apos-ferias-coletivas\/"},"author":{"name":"Canal Dana","@id":"https:\/\/dana.com.br\/canaldana\/#\/schema\/person\/3c21f22f56fcf3bc46b94bc60ea4fef6"},"headline":"Volkswagen vai acelerar produ\u00e7\u00e3o para repor estoque ap\u00f3s f\u00e9rias coletivas","datePublished":"2016-09-14T11:18:53+00:00","mainEntityOfPage":{"@id":"https:\/\/dana.com.br\/canaldana\/2016\/09\/14\/volkswagen-vai-acelerar-producao-para-repor-estoque-apos-ferias-coletivas\/"},"wordCount":352,"articleSection":["Destaques"],"inLanguage":"pt-BR"},{"@type":"WebPage","@id":"https:\/\/dana.com.br\/canaldana\/2016\/09\/14\/volkswagen-vai-acelerar-producao-para-repor-estoque-apos-ferias-coletivas\/","url":"https:\/\/dana.com.br\/canaldana\/2016\/09\/14\/volkswagen-vai-acelerar-producao-para-repor-estoque-apos-ferias-coletivas\/","name":"Volkswagen vai acelerar produ\u00e7\u00e3o para repor estoque ap\u00f3s f\u00e9rias coletivas - Canal Dana","isPartOf":{"@id":"https:\/\/dana.com.br\/canaldana\/#website"},"datePublished":"2016-09-14T11:18:53+00:00","author":{"@id":"https:\/\/dana.com.br\/canaldana\/#\/schema\/person\/3c21f22f56fcf3bc46b94bc60ea4fef6"},"breadcrumb":{"@id":"https:\/\/dana.com.br\/canaldana\/2016\/09\/14\/volkswagen-vai-acelerar-producao-para-repor-estoque-apos-ferias-coletivas\/#breadcrumb"},"inLanguage":"pt-BR","potentialAction":[{"@type":"ReadAction","target":["https:\/\/dana.com.br\/canaldana\/2016\/09\/14\/volkswagen-vai-acelerar-producao-para-repor-estoque-apos-ferias-coletivas\/"]}]},{"@type":"BreadcrumbList","@id":"https:\/\/dana.com.br\/canaldana\/2016\/09\/14\/volkswagen-vai-acelerar-producao-para-repor-estoque-apos-ferias-coletivas\/#breadcrumb","itemListElement":[{"@type":"ListItem","position":1,"name":"Home","item":"https:\/\/dana.com.br\/canaldana\/"},{"@type":"ListItem","position":2,"name":"Destaques","item":"https:\/\/dana.com.br\/canaldana\/destaques\/"},{"@type":"ListItem","position":3,"name":"Volkswagen vai acelerar produ\u00e7\u00e3o para repor estoque ap\u00f3s f\u00e9rias coletivas"}]},{"@type":"WebSite","@id":"https:\/\/dana.com.br\/canaldana\/#website","url":"https:\/\/dana.com.br\/canaldana\/","name":"Canal Dana","description":"Informativo com as principais not\u00edcias da ind\u00fastria automotiva","potentialAction":[{"@type":"SearchAction","target":{"@type":"EntryPoint","urlTemplate":"https:\/\/dana.com.br\/canaldana\/?s={search_term_string}"},"query-input":{"@type":"PropertyValueSpecification","valueRequired":true,"valueName":"search_term_string"}}],"inLanguage":"pt-BR"},{"@type":"Person","@id":"https:\/\/dana.com.br\/canaldana\/#\/schema\/person\/3c21f22f56fcf3bc46b94bc60ea4fef6","name":"Canal Dana","image":{"@type":"ImageObject","inLanguage":"pt-BR","@id":"https:\/\/secure.gravatar.com\/avatar\/420aaf9278582877d9018637c6817617705899d2858d7572ef0fe59a6b6454b4?s=96&d=mm&r=g","url":"https:\/\/secure.gravatar.com\/avatar\/420aaf9278582877d9018637c6817617705899d2858d7572ef0fe59a6b6454b4?s=96&d=mm&r=g","contentUrl":"https:\/\/secure.gravatar.com\/avatar\/420aaf9278582877d9018637c6817617705899d2858d7572ef0fe59a6b6454b4?s=96&d=mm&r=g","caption":"Canal Dana"},"url":"https:\/\/dana.com.br\/canaldana\/author\/cdeditor\/"}]}},"_links":{"self":[{"href":"https:\/\/dana.com.br\/canaldana\/wp-json\/wp\/v2\/posts\/11534","targetHints":{"allow":["GET"]}}],"collection":[{"href":"https:\/\/dana.com.br\/canaldana\/wp-json\/wp\/v2\/posts"}],"about":[{"href":"https:\/\/dana.com.br\/canaldana\/wp-json\/wp\/v2\/types\/post"}],"author":[{"embeddable":true,"href":"https:\/\/dana.com.br\/canaldana\/wp-json\/wp\/v2\/users\/3"}],"replies":[{"embeddable":true,"href":"https:\/\/dana.com.br\/canaldana\/wp-json\/wp\/v2\/comments?post=11534"}],"version-history":[{"count":0,"href":"https:\/\/dana.com.br\/canaldana\/wp-json\/wp\/v2\/posts\/11534\/revisions"}],"wp:attachment":[{"href":"https:\/\/dana.com.br\/canaldana\/wp-json\/wp\/v2\/media?parent=11534"}],"wp:term":[{"taxonomy":"category","embeddable":true,"href":"https:\/\/dana.com.br\/canaldana\/wp-json\/wp\/v2\/categories?post=11534"},{"taxonomy":"post_tag","embeddable":true,"href":"https:\/\/dana.com.br\/canaldana\/wp-json\/wp\/v2\/tags?post=11534"}],"curies":[{"name":"wp","href":"https:\/\/api.w.org\/{rel}","templated":true}]}}