{"id":11492,"date":"2016-09-13T08:42:10","date_gmt":"2016-09-13T11:42:10","guid":{"rendered":"http:\/\/dana.com.br\/canaldana\/?p=11492"},"modified":"2016-09-13T08:42:10","modified_gmt":"2016-09-13T11:42:10","slug":"montadoras-mantem-plano-de-elevar-exportacao","status":"publish","type":"post","link":"https:\/\/dana.com.br\/canaldana\/2016\/09\/13\/montadoras-mantem-plano-de-elevar-exportacao\/","title":{"rendered":"Montadoras mant\u00eam plano de elevar exporta\u00e7\u00e3o"},"content":{"rendered":"<p><em>DCI\/Ag\u00eancia Estado<\/em><\/p>\n<p>&nbsp;<\/p>\n<p>As fabricantes de autom\u00f3veis Volkswagen e a Fiat, al\u00e9m da MAN, montadora de caminh\u00f5es, e a CNH Industrial, que produz tratores e tamb\u00e9m caminh\u00f5es, relatam n\u00e3o terem alterado planos de ampliar as exporta\u00e7\u00f5es, entrando at\u00e9 em novos mercados, depois que o d\u00f3lar inverteu a curva de valoriza\u00e7\u00e3o sobre o real. &#8220;O d\u00f3lar \u00e9 uma vari\u00e1vel incontrol\u00e1vel. Ent\u00e3o, procuramos depender menos do que n\u00e3o podemos controlar&#8221;, afirma Roberto Cortes, presidente da MAN, onde a meta \u00e9, em tr\u00eas anos, aumentar de 15% para mais de 30% a parcela da produ\u00e7\u00e3o dedicada a mercados internacionais.<\/p>\n<p>&nbsp;<\/p>\n<p>Na mesma linha, Francesco Abbruzzezi, diretor de opera\u00e7\u00f5es comerciais da Fiat Chrysler Automobiles (FCA), diz que reavalia\u00e7\u00f5es nas estrat\u00e9gias de exporta\u00e7\u00e3o v\u00e3o depender mais da trajet\u00f3ria do c\u00e2mbio no m\u00e9dio e longo prazo.<\/p>\n<p>&nbsp;<\/p>\n<p>Representante de uma ind\u00fastria que est\u00e1 aumentando o quanto pode as exporta\u00e7\u00f5es para diminuir a ainda acentuada ociosidade das f\u00e1bricas, a Anfavea, associa\u00e7\u00e3o das montadoras, considera que o setor tem condi\u00e7\u00f5es de competir no exterior mesmo se o d\u00f3lar voltar para R$ 3,10. Por outro lado, a Abimaq, associa\u00e7\u00e3o que abriga os fabricantes de m\u00e1quinas e equipamentos, avalia que o impacto negativo j\u00e1 se nota na queda de 13% das exporta\u00e7\u00f5es do setor de junho para julho.<\/p>\n<p>&nbsp;<\/p>\n<p><strong>C\u00e2mbio ideal<\/strong><\/p>\n<p>&nbsp;<\/p>\n<p>Na Funda\u00e7\u00e3o Getulio Vargas (FGV), um n\u00facleo de estudos coordenado pelo professor Nelson Marconi se debru\u00e7ou sobre o tema e constatou que o d\u00f3lar teria que valer R$ 3,67 para que as exporta\u00e7\u00f5es da ind\u00fastria de transforma\u00e7\u00e3o do Brasil tivessem a mesma rentabilidade obtida por concorrentes do exterior. &#8220;Esse \u00e9 o c\u00e2mbio que permitiria compensar a diferen\u00e7a de custo de trabalho em rela\u00e7\u00e3o a outros pa\u00edses&#8221;, afirma Marconi.<\/p>\n<p>&nbsp;<\/p>\n<p>Outra pesquisa, feita pelo Bradesco a partir das repostas de aproximadamente 4 mil empresas, coloca em R$ 3,61 a taxa de c\u00e2mbio que, na m\u00e9dia, permitiria uma competitividade m\u00ednima em 21 setores da economia brasileira. A resposta sobre qual patamar de c\u00e2mbio viabiliza as exporta\u00e7\u00f5es varia, n\u00e3o apenas de um setor a outro, mas tamb\u00e9m entre as empresas que participam de um mesmo segmento. (DCI\/Ag\u00eancia Estado)<\/p>\n","protected":false},"excerpt":{"rendered":"<p>DCI\/Ag\u00eancia Estado &nbsp; As fabricantes de autom\u00f3veis Volkswagen e a Fiat, al\u00e9m da MAN, montadora de caminh\u00f5es, e a CNH Industrial, que produz tratores e tamb\u00e9m caminh\u00f5es, relatam n\u00e3o terem alterado planos de ampliar as exporta\u00e7\u00f5es, entrando at\u00e9 em novos mercados, depois que o d\u00f3lar inverteu a curva de valoriza\u00e7\u00e3o sobre o real. &#8220;O d\u00f3lar\u2026 <a class=\"readmore\" href=\"https:\/\/dana.com.br\/canaldana\/2016\/09\/13\/montadoras-mantem-plano-de-elevar-exportacao\/\">Leia mais \u00bb<\/a><\/p>\n","protected":false},"author":3,"featured_media":0,"comment_status":"closed","ping_status":"closed","sticky":false,"template":"","format":"standard","meta":{"_acf_changed":false,"footnotes":""},"categories":[61],"tags":[],"class_list":["post-11492","post","type-post","status-publish","format-standard","hentry","category-destaques"],"acf":[],"yoast_head":"<!-- This site is optimized with the Yoast SEO plugin v27.3 - https:\/\/yoast.com\/product\/yoast-seo-wordpress\/ -->\n<title>Montadoras mant\u00eam plano de elevar exporta\u00e7\u00e3o - Canal Dana<\/title>\n<meta name=\"robots\" content=\"index, follow, max-snippet:-1, max-image-preview:large, max-video-preview:-1\" \/>\n<link rel=\"canonical\" href=\"https:\/\/dana.com.br\/canaldana\/2016\/09\/13\/montadoras-mantem-plano-de-elevar-exportacao\/\" \/>\n<meta property=\"og:locale\" content=\"pt_BR\" \/>\n<meta property=\"og:type\" content=\"article\" \/>\n<meta property=\"og:title\" content=\"Montadoras mant\u00eam plano de elevar exporta\u00e7\u00e3o - Canal Dana\" \/>\n<meta property=\"og:description\" content=\"DCI\/Ag\u00eancia Estado &nbsp; As fabricantes de autom\u00f3veis Volkswagen e a Fiat, al\u00e9m da MAN, montadora de caminh\u00f5es, e a CNH Industrial, que produz tratores e tamb\u00e9m caminh\u00f5es, relatam n\u00e3o terem alterado planos de ampliar as exporta\u00e7\u00f5es, entrando at\u00e9 em novos mercados, depois que o d\u00f3lar inverteu a curva de valoriza\u00e7\u00e3o sobre o real. &#8220;O d\u00f3lar\u2026 Leia mais \u00bb\" \/>\n<meta property=\"og:url\" content=\"https:\/\/dana.com.br\/canaldana\/2016\/09\/13\/montadoras-mantem-plano-de-elevar-exportacao\/\" \/>\n<meta property=\"og:site_name\" content=\"Canal Dana\" \/>\n<meta property=\"article:published_time\" content=\"2016-09-13T11:42:10+00:00\" \/>\n<meta name=\"author\" content=\"Canal Dana\" \/>\n<meta name=\"twitter:card\" content=\"summary_large_image\" \/>\n<meta name=\"twitter:label1\" content=\"Escrito por\" \/>\n\t<meta name=\"twitter:data1\" content=\"Canal Dana\" \/>\n\t<meta name=\"twitter:label2\" content=\"Est. tempo de leitura\" \/>\n\t<meta name=\"twitter:data2\" content=\"2 minutos\" \/>\n<script type=\"application\/ld+json\" class=\"yoast-schema-graph\">{\"@context\":\"https:\\\/\\\/schema.org\",\"@graph\":[{\"@type\":\"Article\",\"@id\":\"https:\\\/\\\/dana.com.br\\\/canaldana\\\/2016\\\/09\\\/13\\\/montadoras-mantem-plano-de-elevar-exportacao\\\/#article\",\"isPartOf\":{\"@id\":\"https:\\\/\\\/dana.com.br\\\/canaldana\\\/2016\\\/09\\\/13\\\/montadoras-mantem-plano-de-elevar-exportacao\\\/\"},\"author\":{\"name\":\"Canal Dana\",\"@id\":\"https:\\\/\\\/dana.com.br\\\/canaldana\\\/#\\\/schema\\\/person\\\/3c21f22f56fcf3bc46b94bc60ea4fef6\"},\"headline\":\"Montadoras mant\u00eam plano de elevar exporta\u00e7\u00e3o\",\"datePublished\":\"2016-09-13T11:42:10+00:00\",\"mainEntityOfPage\":{\"@id\":\"https:\\\/\\\/dana.com.br\\\/canaldana\\\/2016\\\/09\\\/13\\\/montadoras-mantem-plano-de-elevar-exportacao\\\/\"},\"wordCount\":400,\"articleSection\":[\"Destaques\"],\"inLanguage\":\"pt-BR\"},{\"@type\":\"WebPage\",\"@id\":\"https:\\\/\\\/dana.com.br\\\/canaldana\\\/2016\\\/09\\\/13\\\/montadoras-mantem-plano-de-elevar-exportacao\\\/\",\"url\":\"https:\\\/\\\/dana.com.br\\\/canaldana\\\/2016\\\/09\\\/13\\\/montadoras-mantem-plano-de-elevar-exportacao\\\/\",\"name\":\"Montadoras mant\u00eam plano de elevar exporta\u00e7\u00e3o - Canal Dana\",\"isPartOf\":{\"@id\":\"https:\\\/\\\/dana.com.br\\\/canaldana\\\/#website\"},\"datePublished\":\"2016-09-13T11:42:10+00:00\",\"author\":{\"@id\":\"https:\\\/\\\/dana.com.br\\\/canaldana\\\/#\\\/schema\\\/person\\\/3c21f22f56fcf3bc46b94bc60ea4fef6\"},\"breadcrumb\":{\"@id\":\"https:\\\/\\\/dana.com.br\\\/canaldana\\\/2016\\\/09\\\/13\\\/montadoras-mantem-plano-de-elevar-exportacao\\\/#breadcrumb\"},\"inLanguage\":\"pt-BR\",\"potentialAction\":[{\"@type\":\"ReadAction\",\"target\":[\"https:\\\/\\\/dana.com.br\\\/canaldana\\\/2016\\\/09\\\/13\\\/montadoras-mantem-plano-de-elevar-exportacao\\\/\"]}]},{\"@type\":\"BreadcrumbList\",\"@id\":\"https:\\\/\\\/dana.com.br\\\/canaldana\\\/2016\\\/09\\\/13\\\/montadoras-mantem-plano-de-elevar-exportacao\\\/#breadcrumb\",\"itemListElement\":[{\"@type\":\"ListItem\",\"position\":1,\"name\":\"Home\",\"item\":\"https:\\\/\\\/dana.com.br\\\/canaldana\\\/\"},{\"@type\":\"ListItem\",\"position\":2,\"name\":\"Destaques\",\"item\":\"https:\\\/\\\/dana.com.br\\\/canaldana\\\/destaques\\\/\"},{\"@type\":\"ListItem\",\"position\":3,\"name\":\"Montadoras mant\u00eam plano de elevar exporta\u00e7\u00e3o\"}]},{\"@type\":\"WebSite\",\"@id\":\"https:\\\/\\\/dana.com.br\\\/canaldana\\\/#website\",\"url\":\"https:\\\/\\\/dana.com.br\\\/canaldana\\\/\",\"name\":\"Canal Dana\",\"description\":\"Informativo com as principais not\u00edcias da ind\u00fastria automotiva\",\"potentialAction\":[{\"@type\":\"SearchAction\",\"target\":{\"@type\":\"EntryPoint\",\"urlTemplate\":\"https:\\\/\\\/dana.com.br\\\/canaldana\\\/?s={search_term_string}\"},\"query-input\":{\"@type\":\"PropertyValueSpecification\",\"valueRequired\":true,\"valueName\":\"search_term_string\"}}],\"inLanguage\":\"pt-BR\"},{\"@type\":\"Person\",\"@id\":\"https:\\\/\\\/dana.com.br\\\/canaldana\\\/#\\\/schema\\\/person\\\/3c21f22f56fcf3bc46b94bc60ea4fef6\",\"name\":\"Canal Dana\",\"image\":{\"@type\":\"ImageObject\",\"inLanguage\":\"pt-BR\",\"@id\":\"https:\\\/\\\/secure.gravatar.com\\\/avatar\\\/420aaf9278582877d9018637c6817617705899d2858d7572ef0fe59a6b6454b4?s=96&d=mm&r=g\",\"url\":\"https:\\\/\\\/secure.gravatar.com\\\/avatar\\\/420aaf9278582877d9018637c6817617705899d2858d7572ef0fe59a6b6454b4?s=96&d=mm&r=g\",\"contentUrl\":\"https:\\\/\\\/secure.gravatar.com\\\/avatar\\\/420aaf9278582877d9018637c6817617705899d2858d7572ef0fe59a6b6454b4?s=96&d=mm&r=g\",\"caption\":\"Canal Dana\"},\"url\":\"https:\\\/\\\/dana.com.br\\\/canaldana\\\/author\\\/cdeditor\\\/\"}]}<\/script>\n<!-- \/ Yoast SEO plugin. -->","yoast_head_json":{"title":"Montadoras mant\u00eam plano de elevar exporta\u00e7\u00e3o - Canal Dana","robots":{"index":"index","follow":"follow","max-snippet":"max-snippet:-1","max-image-preview":"max-image-preview:large","max-video-preview":"max-video-preview:-1"},"canonical":"https:\/\/dana.com.br\/canaldana\/2016\/09\/13\/montadoras-mantem-plano-de-elevar-exportacao\/","og_locale":"pt_BR","og_type":"article","og_title":"Montadoras mant\u00eam plano de elevar exporta\u00e7\u00e3o - Canal Dana","og_description":"DCI\/Ag\u00eancia Estado &nbsp; As fabricantes de autom\u00f3veis Volkswagen e a Fiat, al\u00e9m da MAN, montadora de caminh\u00f5es, e a CNH Industrial, que produz tratores e tamb\u00e9m caminh\u00f5es, relatam n\u00e3o terem alterado planos de ampliar as exporta\u00e7\u00f5es, entrando at\u00e9 em novos mercados, depois que o d\u00f3lar inverteu a curva de valoriza\u00e7\u00e3o sobre o real. &#8220;O d\u00f3lar\u2026 Leia mais \u00bb","og_url":"https:\/\/dana.com.br\/canaldana\/2016\/09\/13\/montadoras-mantem-plano-de-elevar-exportacao\/","og_site_name":"Canal Dana","article_published_time":"2016-09-13T11:42:10+00:00","author":"Canal Dana","twitter_card":"summary_large_image","twitter_misc":{"Escrito por":"Canal Dana","Est. tempo de leitura":"2 minutos"},"schema":{"@context":"https:\/\/schema.org","@graph":[{"@type":"Article","@id":"https:\/\/dana.com.br\/canaldana\/2016\/09\/13\/montadoras-mantem-plano-de-elevar-exportacao\/#article","isPartOf":{"@id":"https:\/\/dana.com.br\/canaldana\/2016\/09\/13\/montadoras-mantem-plano-de-elevar-exportacao\/"},"author":{"name":"Canal Dana","@id":"https:\/\/dana.com.br\/canaldana\/#\/schema\/person\/3c21f22f56fcf3bc46b94bc60ea4fef6"},"headline":"Montadoras mant\u00eam plano de elevar exporta\u00e7\u00e3o","datePublished":"2016-09-13T11:42:10+00:00","mainEntityOfPage":{"@id":"https:\/\/dana.com.br\/canaldana\/2016\/09\/13\/montadoras-mantem-plano-de-elevar-exportacao\/"},"wordCount":400,"articleSection":["Destaques"],"inLanguage":"pt-BR"},{"@type":"WebPage","@id":"https:\/\/dana.com.br\/canaldana\/2016\/09\/13\/montadoras-mantem-plano-de-elevar-exportacao\/","url":"https:\/\/dana.com.br\/canaldana\/2016\/09\/13\/montadoras-mantem-plano-de-elevar-exportacao\/","name":"Montadoras mant\u00eam plano de elevar exporta\u00e7\u00e3o - Canal Dana","isPartOf":{"@id":"https:\/\/dana.com.br\/canaldana\/#website"},"datePublished":"2016-09-13T11:42:10+00:00","author":{"@id":"https:\/\/dana.com.br\/canaldana\/#\/schema\/person\/3c21f22f56fcf3bc46b94bc60ea4fef6"},"breadcrumb":{"@id":"https:\/\/dana.com.br\/canaldana\/2016\/09\/13\/montadoras-mantem-plano-de-elevar-exportacao\/#breadcrumb"},"inLanguage":"pt-BR","potentialAction":[{"@type":"ReadAction","target":["https:\/\/dana.com.br\/canaldana\/2016\/09\/13\/montadoras-mantem-plano-de-elevar-exportacao\/"]}]},{"@type":"BreadcrumbList","@id":"https:\/\/dana.com.br\/canaldana\/2016\/09\/13\/montadoras-mantem-plano-de-elevar-exportacao\/#breadcrumb","itemListElement":[{"@type":"ListItem","position":1,"name":"Home","item":"https:\/\/dana.com.br\/canaldana\/"},{"@type":"ListItem","position":2,"name":"Destaques","item":"https:\/\/dana.com.br\/canaldana\/destaques\/"},{"@type":"ListItem","position":3,"name":"Montadoras mant\u00eam plano de elevar exporta\u00e7\u00e3o"}]},{"@type":"WebSite","@id":"https:\/\/dana.com.br\/canaldana\/#website","url":"https:\/\/dana.com.br\/canaldana\/","name":"Canal Dana","description":"Informativo com as principais not\u00edcias da ind\u00fastria automotiva","potentialAction":[{"@type":"SearchAction","target":{"@type":"EntryPoint","urlTemplate":"https:\/\/dana.com.br\/canaldana\/?s={search_term_string}"},"query-input":{"@type":"PropertyValueSpecification","valueRequired":true,"valueName":"search_term_string"}}],"inLanguage":"pt-BR"},{"@type":"Person","@id":"https:\/\/dana.com.br\/canaldana\/#\/schema\/person\/3c21f22f56fcf3bc46b94bc60ea4fef6","name":"Canal Dana","image":{"@type":"ImageObject","inLanguage":"pt-BR","@id":"https:\/\/secure.gravatar.com\/avatar\/420aaf9278582877d9018637c6817617705899d2858d7572ef0fe59a6b6454b4?s=96&d=mm&r=g","url":"https:\/\/secure.gravatar.com\/avatar\/420aaf9278582877d9018637c6817617705899d2858d7572ef0fe59a6b6454b4?s=96&d=mm&r=g","contentUrl":"https:\/\/secure.gravatar.com\/avatar\/420aaf9278582877d9018637c6817617705899d2858d7572ef0fe59a6b6454b4?s=96&d=mm&r=g","caption":"Canal Dana"},"url":"https:\/\/dana.com.br\/canaldana\/author\/cdeditor\/"}]}},"_links":{"self":[{"href":"https:\/\/dana.com.br\/canaldana\/wp-json\/wp\/v2\/posts\/11492","targetHints":{"allow":["GET"]}}],"collection":[{"href":"https:\/\/dana.com.br\/canaldana\/wp-json\/wp\/v2\/posts"}],"about":[{"href":"https:\/\/dana.com.br\/canaldana\/wp-json\/wp\/v2\/types\/post"}],"author":[{"embeddable":true,"href":"https:\/\/dana.com.br\/canaldana\/wp-json\/wp\/v2\/users\/3"}],"replies":[{"embeddable":true,"href":"https:\/\/dana.com.br\/canaldana\/wp-json\/wp\/v2\/comments?post=11492"}],"version-history":[{"count":0,"href":"https:\/\/dana.com.br\/canaldana\/wp-json\/wp\/v2\/posts\/11492\/revisions"}],"wp:attachment":[{"href":"https:\/\/dana.com.br\/canaldana\/wp-json\/wp\/v2\/media?parent=11492"}],"wp:term":[{"taxonomy":"category","embeddable":true,"href":"https:\/\/dana.com.br\/canaldana\/wp-json\/wp\/v2\/categories?post=11492"},{"taxonomy":"post_tag","embeddable":true,"href":"https:\/\/dana.com.br\/canaldana\/wp-json\/wp\/v2\/tags?post=11492"}],"curies":[{"name":"wp","href":"https:\/\/api.w.org\/{rel}","templated":true}]}}