{"id":11235,"date":"2016-09-01T07:58:23","date_gmt":"2016-09-01T10:58:23","guid":{"rendered":"http:\/\/dana.com.br\/canaldana\/?p=11235"},"modified":"2016-09-01T07:58:23","modified_gmt":"2016-09-01T10:58:23","slug":"brasil-tem-potencial-para-crescer-mais-diz-ceo-da-renault-nissan","status":"publish","type":"post","link":"https:\/\/dana.com.br\/canaldana\/2016\/09\/01\/brasil-tem-potencial-para-crescer-mais-diz-ceo-da-renault-nissan\/","title":{"rendered":"Brasil tem potencial para crescer mais, diz CEO da Renault-Nissan"},"content":{"rendered":"<p><em>Car and Driver Brasil<\/em><\/p>\n<p>&nbsp;<\/p>\n<p>Com sal\u00e1rio equivalente a R$ 5,2 milh\u00f5es por m\u00eas, o rondoniano de nascimento, carioca de ado\u00e7\u00e3o e global por op\u00e7\u00e3o Carlos Ghosn \u00e9 um dos executivos mais bem pagos do setor. Chef\u00e3o da alian\u00e7a Renault-Nissan h\u00e1 11 anos ele comanda um conglomerado com 450 mil funcion\u00e1rios e que produz 8,5 milh\u00f5es de autom\u00f3veis em uma centena de f\u00e1bricas espalhadas por todo o mundo. Em visita ao Rio de Janeiro no in\u00edcio do m\u00eas, Ghosn, que orgulhosamente diz que trabalha 18 horas por dia, aproveitou a viagem para apresentar os dois pr\u00f3ximos modelos nacionais da Renault (o compacto Kwid e o SUV Captur), al\u00e9m do importado Koleos.<\/p>\n<p>&nbsp;<\/p>\n<p>J\u00e1 na Nissan, o CEO mostrou o prot\u00f3tipo BladeGlinder, uma esp\u00e9cie de vis\u00e3o do futuro da marca para os esportivos, e o conceito e-Bio motorizado com a c\u00e9lula de combust\u00edvel de \u00f3xido s\u00f3lido (SOFC, na sigla em ingl\u00eas), que utiliza uma c\u00e9lula de combust\u00edvel que trabalha com etanol ou \u00e1gua misturada com etanol. Os testes ser\u00e3o feitos nas ruas de todo o Pa\u00eds, algo l\u00f3gico devido a boa infra-estrutura do Brasil com este combust\u00edvel. \u201cFomos a primeira montadora a desenvolver o carro el\u00e9trico e hoje temos entre 40% a 50% da venda global\u201d, diz. \u201cQueremos manter essa lideran\u00e7a n\u00e3o s\u00f3 com carro el\u00e9trico. A c\u00e9lula de combust\u00edvel cria oportunidades regionais de produ\u00e7\u00e3o de energia que utiliza uma infraestrutura j\u00e1 existente\u201d, afirma Ghosn.<\/p>\n<p>&nbsp;<\/p>\n<p><strong>C\/D:<\/strong> Qual a sua vis\u00e3o pessoal do atual momento do Brasil e as perspectivas futuras?<\/p>\n<p>&nbsp;<\/p>\n<p><strong>Ghosn:<\/strong> Acho que atingimos o fundo do po\u00e7o do come\u00e7o do ano, ou seja, j\u00e1 h\u00e1 pequenos sinais de uma ligeira retomada da economia. Penso que 2017 ainda n\u00e3o ser\u00e1 um bom ano para o Brasil. A recupera\u00e7\u00e3o em si acontece em 2018. Para isso \u00e9 importante que as linhas de cr\u00e9ditos voltem a ser fornecidas com mais vigor pelo sistema banc\u00e1rio e isso s\u00f3 vai acontecer quando a confian\u00e7a na economia e na pol\u00edtica voltar ao Brasil.<\/p>\n<p>&nbsp;<\/p>\n<p><strong>C\/D:<\/strong> Nos \u00faltimos anos o grupo investiu US$ 1,8 bilh\u00e3o no Brasil. A Nissan construiu uma nova f\u00e1brica em Resende (RJ). Est\u00e3o arrependidos?<\/p>\n<p>&nbsp;<\/p>\n<p>De forma alguma. O nosso compromisso com o Brasil \u00e9 de longo prazo. Acreditamos no Pa\u00eds e no seu potencial. Esse atual mercado abaixo dos 2 milh\u00f5es de carros por ano n\u00e3o \u00e9 natural. O Brasil tem potencial para mais. E como disse, a recupera\u00e7\u00e3o econ\u00f4mica j\u00e1 aparece no horizonte. E \u00e9 por isso que vamos investir na renova\u00e7\u00e3o do nosso atual portf\u00f3lio de produtos ao gosto do brasileiro.<\/p>\n<p>&nbsp;<\/p>\n<p><strong>C\/D:<\/strong> E qual \u00e9 a meta do grupo para o Pa\u00eds nos pr\u00f3ximos anos?<\/p>\n<p>&nbsp;<\/p>\n<p>Hoje a Renault tem algo como 7% do mercado e a Nissan, 3%. S\u00e3o n\u00fameros bons e em crescimento, o que \u00e9 mais importante. A meta \u00e9 o grupo deter 15% do mercado brasileiro, sendo 10% a Renault e 5% a Nissan. A finalidade \u00e9 essa, s\u00f3 n\u00e3o abro a data que temos que atingir tal objetivo. O quanto antes melhor, \u00e9 claro. Mas n\u00e3o quero que as pessoas se concentrem apenas sobre o prazo e esque\u00e7am o fato de que ela tem de ser sustent\u00e1vel. Quero continuidade, e estamos investindo para 15% ser s\u00f3lido. (Car and Driver Brasil)<\/p>\n","protected":false},"excerpt":{"rendered":"<p>Car and Driver Brasil &nbsp; Com sal\u00e1rio equivalente a R$ 5,2 milh\u00f5es por m\u00eas, o rondoniano de nascimento, carioca de ado\u00e7\u00e3o e global por op\u00e7\u00e3o Carlos Ghosn \u00e9 um dos executivos mais bem pagos do setor. Chef\u00e3o da alian\u00e7a Renault-Nissan h\u00e1 11 anos ele comanda um conglomerado com 450 mil funcion\u00e1rios e que produz 8,5\u2026 <a class=\"readmore\" href=\"https:\/\/dana.com.br\/canaldana\/2016\/09\/01\/brasil-tem-potencial-para-crescer-mais-diz-ceo-da-renault-nissan\/\">Leia mais \u00bb<\/a><\/p>\n","protected":false},"author":3,"featured_media":0,"comment_status":"closed","ping_status":"closed","sticky":false,"template":"","format":"standard","meta":{"_acf_changed":false,"footnotes":""},"categories":[61],"tags":[],"class_list":["post-11235","post","type-post","status-publish","format-standard","hentry","category-destaques"],"acf":[],"yoast_head":"<!-- This site is optimized with the Yoast SEO plugin v27.3 - https:\/\/yoast.com\/product\/yoast-seo-wordpress\/ -->\n<title>Brasil tem potencial para crescer mais, diz CEO da Renault-Nissan - Canal Dana<\/title>\n<meta name=\"robots\" content=\"index, follow, max-snippet:-1, max-image-preview:large, max-video-preview:-1\" \/>\n<link rel=\"canonical\" href=\"https:\/\/dana.com.br\/canaldana\/2016\/09\/01\/brasil-tem-potencial-para-crescer-mais-diz-ceo-da-renault-nissan\/\" \/>\n<meta property=\"og:locale\" content=\"pt_BR\" \/>\n<meta property=\"og:type\" content=\"article\" \/>\n<meta property=\"og:title\" content=\"Brasil tem potencial para crescer mais, diz CEO da Renault-Nissan - Canal Dana\" \/>\n<meta property=\"og:description\" content=\"Car and Driver Brasil &nbsp; Com sal\u00e1rio equivalente a R$ 5,2 milh\u00f5es por m\u00eas, o rondoniano de nascimento, carioca de ado\u00e7\u00e3o e global por op\u00e7\u00e3o Carlos Ghosn \u00e9 um dos executivos mais bem pagos do setor. Chef\u00e3o da alian\u00e7a Renault-Nissan h\u00e1 11 anos ele comanda um conglomerado com 450 mil funcion\u00e1rios e que produz 8,5\u2026 Leia mais \u00bb\" \/>\n<meta property=\"og:url\" content=\"https:\/\/dana.com.br\/canaldana\/2016\/09\/01\/brasil-tem-potencial-para-crescer-mais-diz-ceo-da-renault-nissan\/\" \/>\n<meta property=\"og:site_name\" content=\"Canal Dana\" \/>\n<meta property=\"article:published_time\" content=\"2016-09-01T10:58:23+00:00\" \/>\n<meta name=\"author\" content=\"Canal Dana\" \/>\n<meta name=\"twitter:card\" content=\"summary_large_image\" \/>\n<meta name=\"twitter:label1\" content=\"Escrito por\" \/>\n\t<meta name=\"twitter:data1\" content=\"Canal Dana\" \/>\n\t<meta name=\"twitter:label2\" content=\"Est. tempo de leitura\" \/>\n\t<meta name=\"twitter:data2\" content=\"3 minutos\" \/>\n<script type=\"application\/ld+json\" class=\"yoast-schema-graph\">{\"@context\":\"https:\\\/\\\/schema.org\",\"@graph\":[{\"@type\":\"Article\",\"@id\":\"https:\\\/\\\/dana.com.br\\\/canaldana\\\/2016\\\/09\\\/01\\\/brasil-tem-potencial-para-crescer-mais-diz-ceo-da-renault-nissan\\\/#article\",\"isPartOf\":{\"@id\":\"https:\\\/\\\/dana.com.br\\\/canaldana\\\/2016\\\/09\\\/01\\\/brasil-tem-potencial-para-crescer-mais-diz-ceo-da-renault-nissan\\\/\"},\"author\":{\"name\":\"Canal Dana\",\"@id\":\"https:\\\/\\\/dana.com.br\\\/canaldana\\\/#\\\/schema\\\/person\\\/3c21f22f56fcf3bc46b94bc60ea4fef6\"},\"headline\":\"Brasil tem potencial para crescer mais, diz CEO da Renault-Nissan\",\"datePublished\":\"2016-09-01T10:58:23+00:00\",\"mainEntityOfPage\":{\"@id\":\"https:\\\/\\\/dana.com.br\\\/canaldana\\\/2016\\\/09\\\/01\\\/brasil-tem-potencial-para-crescer-mais-diz-ceo-da-renault-nissan\\\/\"},\"wordCount\":587,\"articleSection\":[\"Destaques\"],\"inLanguage\":\"pt-BR\"},{\"@type\":\"WebPage\",\"@id\":\"https:\\\/\\\/dana.com.br\\\/canaldana\\\/2016\\\/09\\\/01\\\/brasil-tem-potencial-para-crescer-mais-diz-ceo-da-renault-nissan\\\/\",\"url\":\"https:\\\/\\\/dana.com.br\\\/canaldana\\\/2016\\\/09\\\/01\\\/brasil-tem-potencial-para-crescer-mais-diz-ceo-da-renault-nissan\\\/\",\"name\":\"Brasil tem potencial para crescer mais, diz CEO da Renault-Nissan - Canal Dana\",\"isPartOf\":{\"@id\":\"https:\\\/\\\/dana.com.br\\\/canaldana\\\/#website\"},\"datePublished\":\"2016-09-01T10:58:23+00:00\",\"author\":{\"@id\":\"https:\\\/\\\/dana.com.br\\\/canaldana\\\/#\\\/schema\\\/person\\\/3c21f22f56fcf3bc46b94bc60ea4fef6\"},\"breadcrumb\":{\"@id\":\"https:\\\/\\\/dana.com.br\\\/canaldana\\\/2016\\\/09\\\/01\\\/brasil-tem-potencial-para-crescer-mais-diz-ceo-da-renault-nissan\\\/#breadcrumb\"},\"inLanguage\":\"pt-BR\",\"potentialAction\":[{\"@type\":\"ReadAction\",\"target\":[\"https:\\\/\\\/dana.com.br\\\/canaldana\\\/2016\\\/09\\\/01\\\/brasil-tem-potencial-para-crescer-mais-diz-ceo-da-renault-nissan\\\/\"]}]},{\"@type\":\"BreadcrumbList\",\"@id\":\"https:\\\/\\\/dana.com.br\\\/canaldana\\\/2016\\\/09\\\/01\\\/brasil-tem-potencial-para-crescer-mais-diz-ceo-da-renault-nissan\\\/#breadcrumb\",\"itemListElement\":[{\"@type\":\"ListItem\",\"position\":1,\"name\":\"Home\",\"item\":\"https:\\\/\\\/dana.com.br\\\/canaldana\\\/\"},{\"@type\":\"ListItem\",\"position\":2,\"name\":\"Destaques\",\"item\":\"https:\\\/\\\/dana.com.br\\\/canaldana\\\/destaques\\\/\"},{\"@type\":\"ListItem\",\"position\":3,\"name\":\"Brasil tem potencial para crescer mais, diz CEO da Renault-Nissan\"}]},{\"@type\":\"WebSite\",\"@id\":\"https:\\\/\\\/dana.com.br\\\/canaldana\\\/#website\",\"url\":\"https:\\\/\\\/dana.com.br\\\/canaldana\\\/\",\"name\":\"Canal Dana\",\"description\":\"Informativo com as principais not\u00edcias da ind\u00fastria automotiva\",\"potentialAction\":[{\"@type\":\"SearchAction\",\"target\":{\"@type\":\"EntryPoint\",\"urlTemplate\":\"https:\\\/\\\/dana.com.br\\\/canaldana\\\/?s={search_term_string}\"},\"query-input\":{\"@type\":\"PropertyValueSpecification\",\"valueRequired\":true,\"valueName\":\"search_term_string\"}}],\"inLanguage\":\"pt-BR\"},{\"@type\":\"Person\",\"@id\":\"https:\\\/\\\/dana.com.br\\\/canaldana\\\/#\\\/schema\\\/person\\\/3c21f22f56fcf3bc46b94bc60ea4fef6\",\"name\":\"Canal Dana\",\"image\":{\"@type\":\"ImageObject\",\"inLanguage\":\"pt-BR\",\"@id\":\"https:\\\/\\\/secure.gravatar.com\\\/avatar\\\/420aaf9278582877d9018637c6817617705899d2858d7572ef0fe59a6b6454b4?s=96&d=mm&r=g\",\"url\":\"https:\\\/\\\/secure.gravatar.com\\\/avatar\\\/420aaf9278582877d9018637c6817617705899d2858d7572ef0fe59a6b6454b4?s=96&d=mm&r=g\",\"contentUrl\":\"https:\\\/\\\/secure.gravatar.com\\\/avatar\\\/420aaf9278582877d9018637c6817617705899d2858d7572ef0fe59a6b6454b4?s=96&d=mm&r=g\",\"caption\":\"Canal Dana\"},\"url\":\"https:\\\/\\\/dana.com.br\\\/canaldana\\\/author\\\/cdeditor\\\/\"}]}<\/script>\n<!-- \/ Yoast SEO plugin. -->","yoast_head_json":{"title":"Brasil tem potencial para crescer mais, diz CEO da Renault-Nissan - Canal Dana","robots":{"index":"index","follow":"follow","max-snippet":"max-snippet:-1","max-image-preview":"max-image-preview:large","max-video-preview":"max-video-preview:-1"},"canonical":"https:\/\/dana.com.br\/canaldana\/2016\/09\/01\/brasil-tem-potencial-para-crescer-mais-diz-ceo-da-renault-nissan\/","og_locale":"pt_BR","og_type":"article","og_title":"Brasil tem potencial para crescer mais, diz CEO da Renault-Nissan - Canal Dana","og_description":"Car and Driver Brasil &nbsp; Com sal\u00e1rio equivalente a R$ 5,2 milh\u00f5es por m\u00eas, o rondoniano de nascimento, carioca de ado\u00e7\u00e3o e global por op\u00e7\u00e3o Carlos Ghosn \u00e9 um dos executivos mais bem pagos do setor. Chef\u00e3o da alian\u00e7a Renault-Nissan h\u00e1 11 anos ele comanda um conglomerado com 450 mil funcion\u00e1rios e que produz 8,5\u2026 Leia mais \u00bb","og_url":"https:\/\/dana.com.br\/canaldana\/2016\/09\/01\/brasil-tem-potencial-para-crescer-mais-diz-ceo-da-renault-nissan\/","og_site_name":"Canal Dana","article_published_time":"2016-09-01T10:58:23+00:00","author":"Canal Dana","twitter_card":"summary_large_image","twitter_misc":{"Escrito por":"Canal Dana","Est. tempo de leitura":"3 minutos"},"schema":{"@context":"https:\/\/schema.org","@graph":[{"@type":"Article","@id":"https:\/\/dana.com.br\/canaldana\/2016\/09\/01\/brasil-tem-potencial-para-crescer-mais-diz-ceo-da-renault-nissan\/#article","isPartOf":{"@id":"https:\/\/dana.com.br\/canaldana\/2016\/09\/01\/brasil-tem-potencial-para-crescer-mais-diz-ceo-da-renault-nissan\/"},"author":{"name":"Canal Dana","@id":"https:\/\/dana.com.br\/canaldana\/#\/schema\/person\/3c21f22f56fcf3bc46b94bc60ea4fef6"},"headline":"Brasil tem potencial para crescer mais, diz CEO da Renault-Nissan","datePublished":"2016-09-01T10:58:23+00:00","mainEntityOfPage":{"@id":"https:\/\/dana.com.br\/canaldana\/2016\/09\/01\/brasil-tem-potencial-para-crescer-mais-diz-ceo-da-renault-nissan\/"},"wordCount":587,"articleSection":["Destaques"],"inLanguage":"pt-BR"},{"@type":"WebPage","@id":"https:\/\/dana.com.br\/canaldana\/2016\/09\/01\/brasil-tem-potencial-para-crescer-mais-diz-ceo-da-renault-nissan\/","url":"https:\/\/dana.com.br\/canaldana\/2016\/09\/01\/brasil-tem-potencial-para-crescer-mais-diz-ceo-da-renault-nissan\/","name":"Brasil tem potencial para crescer mais, diz CEO da Renault-Nissan - Canal Dana","isPartOf":{"@id":"https:\/\/dana.com.br\/canaldana\/#website"},"datePublished":"2016-09-01T10:58:23+00:00","author":{"@id":"https:\/\/dana.com.br\/canaldana\/#\/schema\/person\/3c21f22f56fcf3bc46b94bc60ea4fef6"},"breadcrumb":{"@id":"https:\/\/dana.com.br\/canaldana\/2016\/09\/01\/brasil-tem-potencial-para-crescer-mais-diz-ceo-da-renault-nissan\/#breadcrumb"},"inLanguage":"pt-BR","potentialAction":[{"@type":"ReadAction","target":["https:\/\/dana.com.br\/canaldana\/2016\/09\/01\/brasil-tem-potencial-para-crescer-mais-diz-ceo-da-renault-nissan\/"]}]},{"@type":"BreadcrumbList","@id":"https:\/\/dana.com.br\/canaldana\/2016\/09\/01\/brasil-tem-potencial-para-crescer-mais-diz-ceo-da-renault-nissan\/#breadcrumb","itemListElement":[{"@type":"ListItem","position":1,"name":"Home","item":"https:\/\/dana.com.br\/canaldana\/"},{"@type":"ListItem","position":2,"name":"Destaques","item":"https:\/\/dana.com.br\/canaldana\/destaques\/"},{"@type":"ListItem","position":3,"name":"Brasil tem potencial para crescer mais, diz CEO da Renault-Nissan"}]},{"@type":"WebSite","@id":"https:\/\/dana.com.br\/canaldana\/#website","url":"https:\/\/dana.com.br\/canaldana\/","name":"Canal Dana","description":"Informativo com as principais not\u00edcias da ind\u00fastria automotiva","potentialAction":[{"@type":"SearchAction","target":{"@type":"EntryPoint","urlTemplate":"https:\/\/dana.com.br\/canaldana\/?s={search_term_string}"},"query-input":{"@type":"PropertyValueSpecification","valueRequired":true,"valueName":"search_term_string"}}],"inLanguage":"pt-BR"},{"@type":"Person","@id":"https:\/\/dana.com.br\/canaldana\/#\/schema\/person\/3c21f22f56fcf3bc46b94bc60ea4fef6","name":"Canal Dana","image":{"@type":"ImageObject","inLanguage":"pt-BR","@id":"https:\/\/secure.gravatar.com\/avatar\/420aaf9278582877d9018637c6817617705899d2858d7572ef0fe59a6b6454b4?s=96&d=mm&r=g","url":"https:\/\/secure.gravatar.com\/avatar\/420aaf9278582877d9018637c6817617705899d2858d7572ef0fe59a6b6454b4?s=96&d=mm&r=g","contentUrl":"https:\/\/secure.gravatar.com\/avatar\/420aaf9278582877d9018637c6817617705899d2858d7572ef0fe59a6b6454b4?s=96&d=mm&r=g","caption":"Canal Dana"},"url":"https:\/\/dana.com.br\/canaldana\/author\/cdeditor\/"}]}},"_links":{"self":[{"href":"https:\/\/dana.com.br\/canaldana\/wp-json\/wp\/v2\/posts\/11235","targetHints":{"allow":["GET"]}}],"collection":[{"href":"https:\/\/dana.com.br\/canaldana\/wp-json\/wp\/v2\/posts"}],"about":[{"href":"https:\/\/dana.com.br\/canaldana\/wp-json\/wp\/v2\/types\/post"}],"author":[{"embeddable":true,"href":"https:\/\/dana.com.br\/canaldana\/wp-json\/wp\/v2\/users\/3"}],"replies":[{"embeddable":true,"href":"https:\/\/dana.com.br\/canaldana\/wp-json\/wp\/v2\/comments?post=11235"}],"version-history":[{"count":0,"href":"https:\/\/dana.com.br\/canaldana\/wp-json\/wp\/v2\/posts\/11235\/revisions"}],"wp:attachment":[{"href":"https:\/\/dana.com.br\/canaldana\/wp-json\/wp\/v2\/media?parent=11235"}],"wp:term":[{"taxonomy":"category","embeddable":true,"href":"https:\/\/dana.com.br\/canaldana\/wp-json\/wp\/v2\/categories?post=11235"},{"taxonomy":"post_tag","embeddable":true,"href":"https:\/\/dana.com.br\/canaldana\/wp-json\/wp\/v2\/tags?post=11235"}],"curies":[{"name":"wp","href":"https:\/\/api.w.org\/{rel}","templated":true}]}}