{"id":11186,"date":"2016-08-31T08:16:05","date_gmt":"2016-08-31T11:16:05","guid":{"rendered":"http:\/\/dana.com.br\/canaldana\/?p=11186"},"modified":"2016-08-31T08:16:05","modified_gmt":"2016-08-31T11:16:05","slug":"no-brasil-justica-condena-vw-por-propaganda-enganosa","status":"publish","type":"post","link":"https:\/\/dana.com.br\/canaldana\/2016\/08\/31\/no-brasil-justica-condena-vw-por-propaganda-enganosa\/","title":{"rendered":"No Brasil, Justi\u00e7a condena VW por propaganda enganosa"},"content":{"rendered":"<p><em>Jornal do Carro<\/em><\/p>\n<p>&nbsp;<\/p>\n<p>A Justi\u00e7a decidiu que a Volkswagen do Brasil ter\u00e1 de devolver R$ 83 mil, mais corre\u00e7\u00e3o, a um cliente de Minas Gerais. Ele processou a montadora por propaganda enganosa na venda da Kombi Last Edition, s\u00e9rie especial de despedida do utilit\u00e1rio produzido no Pa\u00eds at\u00e9 2013. Para isso, ele devolver\u00e1 o ve\u00edculo \u00e0 montadora.<\/p>\n<p>&nbsp;<\/p>\n<p>Segundo o consumidor, a Volkswagen anunciou que seriam produzidas apenas 600 unidades da s\u00e9rie especial, mas acabou dobrando a produ\u00e7\u00e3o para 1.200 ve\u00edculos, desvalorizando o produto, j\u00e1 que trata-se de um bem colecion\u00e1vel. Nesse caso, a exclusividade \u00e9 importante.<\/p>\n<p>&nbsp;<\/p>\n<p>Na comarca de Santo Ant\u00f4nio do Monte, em Minas Gerais, o pedido do consumidor foi negado, pois o juiz respons\u00e1vel pelo processo alegou que o an\u00fancio do aumento da produ\u00e7\u00e3o ocorreu em setembro de 2013, dois meses antes da compra do ve\u00edculo. Al\u00e9m disso, o valor n\u00e3o estava condicionado ao n\u00famero de unidades produzidas.<\/p>\n<p>&nbsp;<\/p>\n<p>Em recurso, o processo foi julgado a favor do cliente pelo no TJ-MG. O tribunal interpretou que &#8220;n\u00e3o h\u00e1 nos autos evid\u00eancia de que o consumidor tenha adquirido o bem ciente de que a produ\u00e7\u00e3o inicial seria dobrada&#8221;.<\/p>\n<p>&nbsp;<\/p>\n<p>O relator ainda usou como base o fato de que a vers\u00e3o Last Edition da Kombi foi criada para satisfazer uma clientela espec\u00edfica, formada por colecionadores interessados em adquirir aquela que seria a \u00faltima &#8220;linhagem&#8221; do autom\u00f3vel.<\/p>\n<p>&nbsp;<\/p>\n<p>Nos autos, o relator finaliza dizendo que, se o comprador desejasse apenas um carro para o trabalho, teria adquirido a vers\u00e3o normal, que custava quase a metade do valor cobrado pela s\u00e9rie limitada.<\/p>\n<p>&nbsp;<\/p>\n<p>A Volkswagen foi notificada da decis\u00e3o e vai cumprir a determina\u00e7\u00e3o da Justi\u00e7a. (Jornal do Carro)<\/p>\n","protected":false},"excerpt":{"rendered":"<p>Jornal do Carro &nbsp; A Justi\u00e7a decidiu que a Volkswagen do Brasil ter\u00e1 de devolver R$ 83 mil, mais corre\u00e7\u00e3o, a um cliente de Minas Gerais. Ele processou a montadora por propaganda enganosa na venda da Kombi Last Edition, s\u00e9rie especial de despedida do utilit\u00e1rio produzido no Pa\u00eds at\u00e9 2013. Para isso, ele devolver\u00e1 o\u2026 <a class=\"readmore\" href=\"https:\/\/dana.com.br\/canaldana\/2016\/08\/31\/no-brasil-justica-condena-vw-por-propaganda-enganosa\/\">Leia mais \u00bb<\/a><\/p>\n","protected":false},"author":3,"featured_media":0,"comment_status":"closed","ping_status":"closed","sticky":false,"template":"","format":"standard","meta":{"_acf_changed":false,"footnotes":""},"categories":[79],"tags":[],"class_list":["post-11186","post","type-post","status-publish","format-standard","hentry","category-mercado"],"acf":[],"yoast_head":"<!-- This site is optimized with the Yoast SEO plugin v27.5 - https:\/\/yoast.com\/product\/yoast-seo-wordpress\/ -->\n<title>No Brasil, Justi\u00e7a condena VW por propaganda enganosa - Canal Dana<\/title>\n<meta name=\"robots\" content=\"index, follow, max-snippet:-1, max-image-preview:large, max-video-preview:-1\" \/>\n<link rel=\"canonical\" href=\"https:\/\/dana.com.br\/canaldana\/2016\/08\/31\/no-brasil-justica-condena-vw-por-propaganda-enganosa\/\" \/>\n<meta property=\"og:locale\" content=\"pt_BR\" \/>\n<meta property=\"og:type\" content=\"article\" \/>\n<meta property=\"og:title\" content=\"No Brasil, Justi\u00e7a condena VW por propaganda enganosa - Canal Dana\" \/>\n<meta property=\"og:description\" content=\"Jornal do Carro &nbsp; A Justi\u00e7a decidiu que a Volkswagen do Brasil ter\u00e1 de devolver R$ 83 mil, mais corre\u00e7\u00e3o, a um cliente de Minas Gerais. Ele processou a montadora por propaganda enganosa na venda da Kombi Last Edition, s\u00e9rie especial de despedida do utilit\u00e1rio produzido no Pa\u00eds at\u00e9 2013. Para isso, ele devolver\u00e1 o\u2026 Leia mais \u00bb\" \/>\n<meta property=\"og:url\" content=\"https:\/\/dana.com.br\/canaldana\/2016\/08\/31\/no-brasil-justica-condena-vw-por-propaganda-enganosa\/\" \/>\n<meta property=\"og:site_name\" content=\"Canal Dana\" \/>\n<meta property=\"article:published_time\" content=\"2016-08-31T11:16:05+00:00\" \/>\n<meta name=\"author\" content=\"Canal Dana\" \/>\n<meta name=\"twitter:card\" content=\"summary_large_image\" \/>\n<meta name=\"twitter:label1\" content=\"Escrito por\" \/>\n\t<meta name=\"twitter:data1\" content=\"Canal Dana\" \/>\n\t<meta name=\"twitter:label2\" content=\"Est. tempo de leitura\" \/>\n\t<meta name=\"twitter:data2\" content=\"2 minutos\" \/>\n<script type=\"application\/ld+json\" class=\"yoast-schema-graph\">{\"@context\":\"https:\\\/\\\/schema.org\",\"@graph\":[{\"@type\":\"Article\",\"@id\":\"https:\\\/\\\/dana.com.br\\\/canaldana\\\/2016\\\/08\\\/31\\\/no-brasil-justica-condena-vw-por-propaganda-enganosa\\\/#article\",\"isPartOf\":{\"@id\":\"https:\\\/\\\/dana.com.br\\\/canaldana\\\/2016\\\/08\\\/31\\\/no-brasil-justica-condena-vw-por-propaganda-enganosa\\\/\"},\"author\":{\"name\":\"Canal Dana\",\"@id\":\"https:\\\/\\\/dana.com.br\\\/canaldana\\\/#\\\/schema\\\/person\\\/3c21f22f56fcf3bc46b94bc60ea4fef6\"},\"headline\":\"No Brasil, Justi\u00e7a condena VW por propaganda enganosa\",\"datePublished\":\"2016-08-31T11:16:05+00:00\",\"mainEntityOfPage\":{\"@id\":\"https:\\\/\\\/dana.com.br\\\/canaldana\\\/2016\\\/08\\\/31\\\/no-brasil-justica-condena-vw-por-propaganda-enganosa\\\/\"},\"wordCount\":312,\"articleSection\":[\"Mercado\"],\"inLanguage\":\"pt-BR\"},{\"@type\":\"WebPage\",\"@id\":\"https:\\\/\\\/dana.com.br\\\/canaldana\\\/2016\\\/08\\\/31\\\/no-brasil-justica-condena-vw-por-propaganda-enganosa\\\/\",\"url\":\"https:\\\/\\\/dana.com.br\\\/canaldana\\\/2016\\\/08\\\/31\\\/no-brasil-justica-condena-vw-por-propaganda-enganosa\\\/\",\"name\":\"No Brasil, Justi\u00e7a condena VW por propaganda enganosa - Canal Dana\",\"isPartOf\":{\"@id\":\"https:\\\/\\\/dana.com.br\\\/canaldana\\\/#website\"},\"datePublished\":\"2016-08-31T11:16:05+00:00\",\"author\":{\"@id\":\"https:\\\/\\\/dana.com.br\\\/canaldana\\\/#\\\/schema\\\/person\\\/3c21f22f56fcf3bc46b94bc60ea4fef6\"},\"breadcrumb\":{\"@id\":\"https:\\\/\\\/dana.com.br\\\/canaldana\\\/2016\\\/08\\\/31\\\/no-brasil-justica-condena-vw-por-propaganda-enganosa\\\/#breadcrumb\"},\"inLanguage\":\"pt-BR\",\"potentialAction\":[{\"@type\":\"ReadAction\",\"target\":[\"https:\\\/\\\/dana.com.br\\\/canaldana\\\/2016\\\/08\\\/31\\\/no-brasil-justica-condena-vw-por-propaganda-enganosa\\\/\"]}]},{\"@type\":\"BreadcrumbList\",\"@id\":\"https:\\\/\\\/dana.com.br\\\/canaldana\\\/2016\\\/08\\\/31\\\/no-brasil-justica-condena-vw-por-propaganda-enganosa\\\/#breadcrumb\",\"itemListElement\":[{\"@type\":\"ListItem\",\"position\":1,\"name\":\"Home\",\"item\":\"https:\\\/\\\/dana.com.br\\\/canaldana\\\/\"},{\"@type\":\"ListItem\",\"position\":2,\"name\":\"Mercado\",\"item\":\"https:\\\/\\\/dana.com.br\\\/canaldana\\\/mercado\\\/\"},{\"@type\":\"ListItem\",\"position\":3,\"name\":\"No Brasil, Justi\u00e7a condena VW por propaganda enganosa\"}]},{\"@type\":\"WebSite\",\"@id\":\"https:\\\/\\\/dana.com.br\\\/canaldana\\\/#website\",\"url\":\"https:\\\/\\\/dana.com.br\\\/canaldana\\\/\",\"name\":\"Canal Dana\",\"description\":\"Informativo com as principais not\u00edcias da ind\u00fastria automotiva\",\"potentialAction\":[{\"@type\":\"SearchAction\",\"target\":{\"@type\":\"EntryPoint\",\"urlTemplate\":\"https:\\\/\\\/dana.com.br\\\/canaldana\\\/?s={search_term_string}\"},\"query-input\":{\"@type\":\"PropertyValueSpecification\",\"valueRequired\":true,\"valueName\":\"search_term_string\"}}],\"inLanguage\":\"pt-BR\"},{\"@type\":\"Person\",\"@id\":\"https:\\\/\\\/dana.com.br\\\/canaldana\\\/#\\\/schema\\\/person\\\/3c21f22f56fcf3bc46b94bc60ea4fef6\",\"name\":\"Canal Dana\",\"image\":{\"@type\":\"ImageObject\",\"inLanguage\":\"pt-BR\",\"@id\":\"https:\\\/\\\/secure.gravatar.com\\\/avatar\\\/420aaf9278582877d9018637c6817617705899d2858d7572ef0fe59a6b6454b4?s=96&d=mm&r=g\",\"url\":\"https:\\\/\\\/secure.gravatar.com\\\/avatar\\\/420aaf9278582877d9018637c6817617705899d2858d7572ef0fe59a6b6454b4?s=96&d=mm&r=g\",\"contentUrl\":\"https:\\\/\\\/secure.gravatar.com\\\/avatar\\\/420aaf9278582877d9018637c6817617705899d2858d7572ef0fe59a6b6454b4?s=96&d=mm&r=g\",\"caption\":\"Canal Dana\"},\"url\":\"https:\\\/\\\/dana.com.br\\\/canaldana\\\/author\\\/cdeditor\\\/\"}]}<\/script>\n<!-- \/ Yoast SEO plugin. -->","yoast_head_json":{"title":"No Brasil, Justi\u00e7a condena VW por propaganda enganosa - Canal Dana","robots":{"index":"index","follow":"follow","max-snippet":"max-snippet:-1","max-image-preview":"max-image-preview:large","max-video-preview":"max-video-preview:-1"},"canonical":"https:\/\/dana.com.br\/canaldana\/2016\/08\/31\/no-brasil-justica-condena-vw-por-propaganda-enganosa\/","og_locale":"pt_BR","og_type":"article","og_title":"No Brasil, Justi\u00e7a condena VW por propaganda enganosa - Canal Dana","og_description":"Jornal do Carro &nbsp; A Justi\u00e7a decidiu que a Volkswagen do Brasil ter\u00e1 de devolver R$ 83 mil, mais corre\u00e7\u00e3o, a um cliente de Minas Gerais. Ele processou a montadora por propaganda enganosa na venda da Kombi Last Edition, s\u00e9rie especial de despedida do utilit\u00e1rio produzido no Pa\u00eds at\u00e9 2013. Para isso, ele devolver\u00e1 o\u2026 Leia mais \u00bb","og_url":"https:\/\/dana.com.br\/canaldana\/2016\/08\/31\/no-brasil-justica-condena-vw-por-propaganda-enganosa\/","og_site_name":"Canal Dana","article_published_time":"2016-08-31T11:16:05+00:00","author":"Canal Dana","twitter_card":"summary_large_image","twitter_misc":{"Escrito por":"Canal Dana","Est. tempo de leitura":"2 minutos"},"schema":{"@context":"https:\/\/schema.org","@graph":[{"@type":"Article","@id":"https:\/\/dana.com.br\/canaldana\/2016\/08\/31\/no-brasil-justica-condena-vw-por-propaganda-enganosa\/#article","isPartOf":{"@id":"https:\/\/dana.com.br\/canaldana\/2016\/08\/31\/no-brasil-justica-condena-vw-por-propaganda-enganosa\/"},"author":{"name":"Canal Dana","@id":"https:\/\/dana.com.br\/canaldana\/#\/schema\/person\/3c21f22f56fcf3bc46b94bc60ea4fef6"},"headline":"No Brasil, Justi\u00e7a condena VW por propaganda enganosa","datePublished":"2016-08-31T11:16:05+00:00","mainEntityOfPage":{"@id":"https:\/\/dana.com.br\/canaldana\/2016\/08\/31\/no-brasil-justica-condena-vw-por-propaganda-enganosa\/"},"wordCount":312,"articleSection":["Mercado"],"inLanguage":"pt-BR"},{"@type":"WebPage","@id":"https:\/\/dana.com.br\/canaldana\/2016\/08\/31\/no-brasil-justica-condena-vw-por-propaganda-enganosa\/","url":"https:\/\/dana.com.br\/canaldana\/2016\/08\/31\/no-brasil-justica-condena-vw-por-propaganda-enganosa\/","name":"No Brasil, Justi\u00e7a condena VW por propaganda enganosa - Canal Dana","isPartOf":{"@id":"https:\/\/dana.com.br\/canaldana\/#website"},"datePublished":"2016-08-31T11:16:05+00:00","author":{"@id":"https:\/\/dana.com.br\/canaldana\/#\/schema\/person\/3c21f22f56fcf3bc46b94bc60ea4fef6"},"breadcrumb":{"@id":"https:\/\/dana.com.br\/canaldana\/2016\/08\/31\/no-brasil-justica-condena-vw-por-propaganda-enganosa\/#breadcrumb"},"inLanguage":"pt-BR","potentialAction":[{"@type":"ReadAction","target":["https:\/\/dana.com.br\/canaldana\/2016\/08\/31\/no-brasil-justica-condena-vw-por-propaganda-enganosa\/"]}]},{"@type":"BreadcrumbList","@id":"https:\/\/dana.com.br\/canaldana\/2016\/08\/31\/no-brasil-justica-condena-vw-por-propaganda-enganosa\/#breadcrumb","itemListElement":[{"@type":"ListItem","position":1,"name":"Home","item":"https:\/\/dana.com.br\/canaldana\/"},{"@type":"ListItem","position":2,"name":"Mercado","item":"https:\/\/dana.com.br\/canaldana\/mercado\/"},{"@type":"ListItem","position":3,"name":"No Brasil, Justi\u00e7a condena VW por propaganda enganosa"}]},{"@type":"WebSite","@id":"https:\/\/dana.com.br\/canaldana\/#website","url":"https:\/\/dana.com.br\/canaldana\/","name":"Canal Dana","description":"Informativo com as principais not\u00edcias da ind\u00fastria automotiva","potentialAction":[{"@type":"SearchAction","target":{"@type":"EntryPoint","urlTemplate":"https:\/\/dana.com.br\/canaldana\/?s={search_term_string}"},"query-input":{"@type":"PropertyValueSpecification","valueRequired":true,"valueName":"search_term_string"}}],"inLanguage":"pt-BR"},{"@type":"Person","@id":"https:\/\/dana.com.br\/canaldana\/#\/schema\/person\/3c21f22f56fcf3bc46b94bc60ea4fef6","name":"Canal Dana","image":{"@type":"ImageObject","inLanguage":"pt-BR","@id":"https:\/\/secure.gravatar.com\/avatar\/420aaf9278582877d9018637c6817617705899d2858d7572ef0fe59a6b6454b4?s=96&d=mm&r=g","url":"https:\/\/secure.gravatar.com\/avatar\/420aaf9278582877d9018637c6817617705899d2858d7572ef0fe59a6b6454b4?s=96&d=mm&r=g","contentUrl":"https:\/\/secure.gravatar.com\/avatar\/420aaf9278582877d9018637c6817617705899d2858d7572ef0fe59a6b6454b4?s=96&d=mm&r=g","caption":"Canal Dana"},"url":"https:\/\/dana.com.br\/canaldana\/author\/cdeditor\/"}]}},"_links":{"self":[{"href":"https:\/\/dana.com.br\/canaldana\/wp-json\/wp\/v2\/posts\/11186","targetHints":{"allow":["GET"]}}],"collection":[{"href":"https:\/\/dana.com.br\/canaldana\/wp-json\/wp\/v2\/posts"}],"about":[{"href":"https:\/\/dana.com.br\/canaldana\/wp-json\/wp\/v2\/types\/post"}],"author":[{"embeddable":true,"href":"https:\/\/dana.com.br\/canaldana\/wp-json\/wp\/v2\/users\/3"}],"replies":[{"embeddable":true,"href":"https:\/\/dana.com.br\/canaldana\/wp-json\/wp\/v2\/comments?post=11186"}],"version-history":[{"count":0,"href":"https:\/\/dana.com.br\/canaldana\/wp-json\/wp\/v2\/posts\/11186\/revisions"}],"wp:attachment":[{"href":"https:\/\/dana.com.br\/canaldana\/wp-json\/wp\/v2\/media?parent=11186"}],"wp:term":[{"taxonomy":"category","embeddable":true,"href":"https:\/\/dana.com.br\/canaldana\/wp-json\/wp\/v2\/categories?post=11186"},{"taxonomy":"post_tag","embeddable":true,"href":"https:\/\/dana.com.br\/canaldana\/wp-json\/wp\/v2\/tags?post=11186"}],"curies":[{"name":"wp","href":"https:\/\/api.w.org\/{rel}","templated":true}]}}