{"id":11167,"date":"2016-08-30T08:59:46","date_gmt":"2016-08-30T11:59:46","guid":{"rendered":"http:\/\/dana.com.br\/canaldana\/?p=11167"},"modified":"2016-08-30T08:59:46","modified_gmt":"2016-08-30T11:59:46","slug":"presidente-da-gm-do-brasil-vai-assumir-area-global-de-veiculos-compartilhados","status":"publish","type":"post","link":"https:\/\/dana.com.br\/canaldana\/2016\/08\/30\/presidente-da-gm-do-brasil-vai-assumir-area-global-de-veiculos-compartilhados\/","title":{"rendered":"Presidente da GM do Brasil vai assumir \u00e1rea global de ve\u00edculos compartilhados"},"content":{"rendered":"<p><em>O Estado de S. Paulo<\/em><\/p>\n<p>&nbsp;<\/p>\n<p>O executivo colombiano Santiago Chamorro est\u00e1 deixando a presid\u00eancia da General Motors no Brasil depois de tr\u00eas anos \u00e0 frente das opera\u00e7\u00f5es para assumir a \u00e1rea global de experi\u00eancia do consumidor, respons\u00e1vel pelos novos usos para os autom\u00f3veis. Entre os segmentos que Chamorro vai comandar est\u00e3o a estrat\u00e9gia de carros aut\u00f4nomos, o servi\u00e7o de ve\u00edculos compartilhados e a parceria da GM com o app de caronas Lyft.<\/p>\n<p>&nbsp;<\/p>\n<p>Citando a presidente global da marca, Mary Barra, Chamorro afirma que os novos modelos de uso de autom\u00f3veis &#8211; em que parte dos consumidores deixar\u00e1 de ser propriet\u00e1ria de um ve\u00edculo para pagar por seu uso &#8211; dever\u00e1 trazer mais mudan\u00e7as ao setor automotivo nos pr\u00f3ximos cinco anos do que nas \u00faltimas cinco d\u00e9cadas. &#8220;O que percebemos \u00e9 que a ado\u00e7\u00e3o dessas novas formas de uso est\u00e1 sendo muito r\u00e1pida, tanto nos Estados Unidos quanto no Brasil&#8221;, disse o executivo nesta segunda-feira (29), em entrevista ao Estado.<\/p>\n<p>&nbsp;<\/p>\n<p>Chamorro, que ser\u00e1 substitu\u00eddo no Brasil por Carlos Zarlenga (ex-diretor financeiro da GM para a Am\u00e9rica do Sul) a partir da pr\u00f3xima quinta-feira, afirma que os testes feitos com a plataforma Maven &#8211; que permite o aluguel de carros da montadora &#8211; foram muito bem aceitos no Brasil. O projeto piloto de aluguel de frota, que come\u00e7ou na f\u00e1brica da marca em S\u00e3o Caetano do Sul (SP), j\u00e1 foi expandido para as demais unidades GM no Brasil e agora passar\u00e1 a ser adotado em condom\u00ednios e cidades (o piloto ser\u00e1 em S\u00e3o Caetano).<\/p>\n<p>&nbsp;<\/p>\n<p>Em S\u00e3o Caetano do Sul, a experi\u00eancia na f\u00e1brica mostrou que o ve\u00edculo compartilhado tem um per\u00edodo de uso muito maior do que os de propriedade particular. &#8220;Conseguimos aumentar para 30% o tempo de uso dos carros, consideradas as 24 horas do dia&#8221;, explicou Chamorro. &#8220;A porcentagem de uso de um ve\u00edculo de uma fam\u00edlia varia de 5% a 7%. No restante do tempo, o autom\u00f3vel fica parado na garagem de casa ou do trabalho.&#8221;<\/p>\n<p>&nbsp;<\/p>\n<p><strong>Recupera\u00e7\u00e3o<\/strong><\/p>\n<p>&nbsp;<\/p>\n<p>Quanto ao mercado brasileiro, o executivo disse que espera uma recupera\u00e7\u00e3o mais consistente assim que as reformas estruturais &#8211; trabalhista, previdenci\u00e1ria e tribut\u00e1ria, por exemplo &#8211; come\u00e7arem a sair do papel. De qualquer forma, a GM j\u00e1 trabalha com um mercado de 2,4 milh\u00f5es de ve\u00edculos para 2017, contra 2,15 milh\u00f5es para este ano. &#8220;Acho que passamos o fundo do po\u00e7o, em maio e junho. Julho j\u00e1 melhorou um pouco e agosto est\u00e1 indo conforme o planejado&#8221;. (O Estado de S. Paulo\/Fernando Scheller)<\/p>\n","protected":false},"excerpt":{"rendered":"<p>O Estado de S. Paulo &nbsp; O executivo colombiano Santiago Chamorro est\u00e1 deixando a presid\u00eancia da General Motors no Brasil depois de tr\u00eas anos \u00e0 frente das opera\u00e7\u00f5es para assumir a \u00e1rea global de experi\u00eancia do consumidor, respons\u00e1vel pelos novos usos para os autom\u00f3veis. Entre os segmentos que Chamorro vai comandar est\u00e3o a estrat\u00e9gia de\u2026 <a class=\"readmore\" href=\"https:\/\/dana.com.br\/canaldana\/2016\/08\/30\/presidente-da-gm-do-brasil-vai-assumir-area-global-de-veiculos-compartilhados\/\">Leia mais \u00bb<\/a><\/p>\n","protected":false},"author":3,"featured_media":0,"comment_status":"closed","ping_status":"closed","sticky":false,"template":"","format":"standard","meta":{"_acf_changed":false,"footnotes":""},"categories":[61],"tags":[],"class_list":["post-11167","post","type-post","status-publish","format-standard","hentry","category-destaques"],"acf":[],"yoast_head":"<!-- This site is optimized with the Yoast SEO plugin v27.3 - https:\/\/yoast.com\/product\/yoast-seo-wordpress\/ -->\n<title>Presidente da GM do Brasil vai assumir \u00e1rea global de ve\u00edculos compartilhados - Canal Dana<\/title>\n<meta name=\"robots\" content=\"index, follow, max-snippet:-1, max-image-preview:large, max-video-preview:-1\" \/>\n<link rel=\"canonical\" href=\"https:\/\/dana.com.br\/canaldana\/2016\/08\/30\/presidente-da-gm-do-brasil-vai-assumir-area-global-de-veiculos-compartilhados\/\" \/>\n<meta property=\"og:locale\" content=\"pt_BR\" \/>\n<meta property=\"og:type\" content=\"article\" \/>\n<meta property=\"og:title\" content=\"Presidente da GM do Brasil vai assumir \u00e1rea global de ve\u00edculos compartilhados - Canal Dana\" \/>\n<meta property=\"og:description\" content=\"O Estado de S. Paulo &nbsp; O executivo colombiano Santiago Chamorro est\u00e1 deixando a presid\u00eancia da General Motors no Brasil depois de tr\u00eas anos \u00e0 frente das opera\u00e7\u00f5es para assumir a \u00e1rea global de experi\u00eancia do consumidor, respons\u00e1vel pelos novos usos para os autom\u00f3veis. Entre os segmentos que Chamorro vai comandar est\u00e3o a estrat\u00e9gia de\u2026 Leia mais \u00bb\" \/>\n<meta property=\"og:url\" content=\"https:\/\/dana.com.br\/canaldana\/2016\/08\/30\/presidente-da-gm-do-brasil-vai-assumir-area-global-de-veiculos-compartilhados\/\" \/>\n<meta property=\"og:site_name\" content=\"Canal Dana\" \/>\n<meta property=\"article:published_time\" content=\"2016-08-30T11:59:46+00:00\" \/>\n<meta name=\"author\" content=\"Canal Dana\" \/>\n<meta name=\"twitter:card\" content=\"summary_large_image\" \/>\n<meta name=\"twitter:label1\" content=\"Escrito por\" \/>\n\t<meta name=\"twitter:data1\" content=\"Canal Dana\" \/>\n\t<meta name=\"twitter:label2\" content=\"Est. tempo de leitura\" \/>\n\t<meta name=\"twitter:data2\" content=\"2 minutos\" \/>\n<script type=\"application\/ld+json\" class=\"yoast-schema-graph\">{\"@context\":\"https:\\\/\\\/schema.org\",\"@graph\":[{\"@type\":\"Article\",\"@id\":\"https:\\\/\\\/dana.com.br\\\/canaldana\\\/2016\\\/08\\\/30\\\/presidente-da-gm-do-brasil-vai-assumir-area-global-de-veiculos-compartilhados\\\/#article\",\"isPartOf\":{\"@id\":\"https:\\\/\\\/dana.com.br\\\/canaldana\\\/2016\\\/08\\\/30\\\/presidente-da-gm-do-brasil-vai-assumir-area-global-de-veiculos-compartilhados\\\/\"},\"author\":{\"name\":\"Canal Dana\",\"@id\":\"https:\\\/\\\/dana.com.br\\\/canaldana\\\/#\\\/schema\\\/person\\\/3c21f22f56fcf3bc46b94bc60ea4fef6\"},\"headline\":\"Presidente da GM do Brasil vai assumir \u00e1rea global de ve\u00edculos compartilhados\",\"datePublished\":\"2016-08-30T11:59:46+00:00\",\"mainEntityOfPage\":{\"@id\":\"https:\\\/\\\/dana.com.br\\\/canaldana\\\/2016\\\/08\\\/30\\\/presidente-da-gm-do-brasil-vai-assumir-area-global-de-veiculos-compartilhados\\\/\"},\"wordCount\":465,\"articleSection\":[\"Destaques\"],\"inLanguage\":\"pt-BR\"},{\"@type\":\"WebPage\",\"@id\":\"https:\\\/\\\/dana.com.br\\\/canaldana\\\/2016\\\/08\\\/30\\\/presidente-da-gm-do-brasil-vai-assumir-area-global-de-veiculos-compartilhados\\\/\",\"url\":\"https:\\\/\\\/dana.com.br\\\/canaldana\\\/2016\\\/08\\\/30\\\/presidente-da-gm-do-brasil-vai-assumir-area-global-de-veiculos-compartilhados\\\/\",\"name\":\"Presidente da GM do Brasil vai assumir \u00e1rea global de ve\u00edculos compartilhados - Canal Dana\",\"isPartOf\":{\"@id\":\"https:\\\/\\\/dana.com.br\\\/canaldana\\\/#website\"},\"datePublished\":\"2016-08-30T11:59:46+00:00\",\"author\":{\"@id\":\"https:\\\/\\\/dana.com.br\\\/canaldana\\\/#\\\/schema\\\/person\\\/3c21f22f56fcf3bc46b94bc60ea4fef6\"},\"breadcrumb\":{\"@id\":\"https:\\\/\\\/dana.com.br\\\/canaldana\\\/2016\\\/08\\\/30\\\/presidente-da-gm-do-brasil-vai-assumir-area-global-de-veiculos-compartilhados\\\/#breadcrumb\"},\"inLanguage\":\"pt-BR\",\"potentialAction\":[{\"@type\":\"ReadAction\",\"target\":[\"https:\\\/\\\/dana.com.br\\\/canaldana\\\/2016\\\/08\\\/30\\\/presidente-da-gm-do-brasil-vai-assumir-area-global-de-veiculos-compartilhados\\\/\"]}]},{\"@type\":\"BreadcrumbList\",\"@id\":\"https:\\\/\\\/dana.com.br\\\/canaldana\\\/2016\\\/08\\\/30\\\/presidente-da-gm-do-brasil-vai-assumir-area-global-de-veiculos-compartilhados\\\/#breadcrumb\",\"itemListElement\":[{\"@type\":\"ListItem\",\"position\":1,\"name\":\"Home\",\"item\":\"https:\\\/\\\/dana.com.br\\\/canaldana\\\/\"},{\"@type\":\"ListItem\",\"position\":2,\"name\":\"Destaques\",\"item\":\"https:\\\/\\\/dana.com.br\\\/canaldana\\\/destaques\\\/\"},{\"@type\":\"ListItem\",\"position\":3,\"name\":\"Presidente da GM do Brasil vai assumir \u00e1rea global de ve\u00edculos compartilhados\"}]},{\"@type\":\"WebSite\",\"@id\":\"https:\\\/\\\/dana.com.br\\\/canaldana\\\/#website\",\"url\":\"https:\\\/\\\/dana.com.br\\\/canaldana\\\/\",\"name\":\"Canal Dana\",\"description\":\"Informativo com as principais not\u00edcias da ind\u00fastria automotiva\",\"potentialAction\":[{\"@type\":\"SearchAction\",\"target\":{\"@type\":\"EntryPoint\",\"urlTemplate\":\"https:\\\/\\\/dana.com.br\\\/canaldana\\\/?s={search_term_string}\"},\"query-input\":{\"@type\":\"PropertyValueSpecification\",\"valueRequired\":true,\"valueName\":\"search_term_string\"}}],\"inLanguage\":\"pt-BR\"},{\"@type\":\"Person\",\"@id\":\"https:\\\/\\\/dana.com.br\\\/canaldana\\\/#\\\/schema\\\/person\\\/3c21f22f56fcf3bc46b94bc60ea4fef6\",\"name\":\"Canal Dana\",\"image\":{\"@type\":\"ImageObject\",\"inLanguage\":\"pt-BR\",\"@id\":\"https:\\\/\\\/secure.gravatar.com\\\/avatar\\\/420aaf9278582877d9018637c6817617705899d2858d7572ef0fe59a6b6454b4?s=96&d=mm&r=g\",\"url\":\"https:\\\/\\\/secure.gravatar.com\\\/avatar\\\/420aaf9278582877d9018637c6817617705899d2858d7572ef0fe59a6b6454b4?s=96&d=mm&r=g\",\"contentUrl\":\"https:\\\/\\\/secure.gravatar.com\\\/avatar\\\/420aaf9278582877d9018637c6817617705899d2858d7572ef0fe59a6b6454b4?s=96&d=mm&r=g\",\"caption\":\"Canal Dana\"},\"url\":\"https:\\\/\\\/dana.com.br\\\/canaldana\\\/author\\\/cdeditor\\\/\"}]}<\/script>\n<!-- \/ Yoast SEO plugin. -->","yoast_head_json":{"title":"Presidente da GM do Brasil vai assumir \u00e1rea global de ve\u00edculos compartilhados - Canal Dana","robots":{"index":"index","follow":"follow","max-snippet":"max-snippet:-1","max-image-preview":"max-image-preview:large","max-video-preview":"max-video-preview:-1"},"canonical":"https:\/\/dana.com.br\/canaldana\/2016\/08\/30\/presidente-da-gm-do-brasil-vai-assumir-area-global-de-veiculos-compartilhados\/","og_locale":"pt_BR","og_type":"article","og_title":"Presidente da GM do Brasil vai assumir \u00e1rea global de ve\u00edculos compartilhados - Canal Dana","og_description":"O Estado de S. Paulo &nbsp; O executivo colombiano Santiago Chamorro est\u00e1 deixando a presid\u00eancia da General Motors no Brasil depois de tr\u00eas anos \u00e0 frente das opera\u00e7\u00f5es para assumir a \u00e1rea global de experi\u00eancia do consumidor, respons\u00e1vel pelos novos usos para os autom\u00f3veis. Entre os segmentos que Chamorro vai comandar est\u00e3o a estrat\u00e9gia de\u2026 Leia mais \u00bb","og_url":"https:\/\/dana.com.br\/canaldana\/2016\/08\/30\/presidente-da-gm-do-brasil-vai-assumir-area-global-de-veiculos-compartilhados\/","og_site_name":"Canal Dana","article_published_time":"2016-08-30T11:59:46+00:00","author":"Canal Dana","twitter_card":"summary_large_image","twitter_misc":{"Escrito por":"Canal Dana","Est. tempo de leitura":"2 minutos"},"schema":{"@context":"https:\/\/schema.org","@graph":[{"@type":"Article","@id":"https:\/\/dana.com.br\/canaldana\/2016\/08\/30\/presidente-da-gm-do-brasil-vai-assumir-area-global-de-veiculos-compartilhados\/#article","isPartOf":{"@id":"https:\/\/dana.com.br\/canaldana\/2016\/08\/30\/presidente-da-gm-do-brasil-vai-assumir-area-global-de-veiculos-compartilhados\/"},"author":{"name":"Canal Dana","@id":"https:\/\/dana.com.br\/canaldana\/#\/schema\/person\/3c21f22f56fcf3bc46b94bc60ea4fef6"},"headline":"Presidente da GM do Brasil vai assumir \u00e1rea global de ve\u00edculos compartilhados","datePublished":"2016-08-30T11:59:46+00:00","mainEntityOfPage":{"@id":"https:\/\/dana.com.br\/canaldana\/2016\/08\/30\/presidente-da-gm-do-brasil-vai-assumir-area-global-de-veiculos-compartilhados\/"},"wordCount":465,"articleSection":["Destaques"],"inLanguage":"pt-BR"},{"@type":"WebPage","@id":"https:\/\/dana.com.br\/canaldana\/2016\/08\/30\/presidente-da-gm-do-brasil-vai-assumir-area-global-de-veiculos-compartilhados\/","url":"https:\/\/dana.com.br\/canaldana\/2016\/08\/30\/presidente-da-gm-do-brasil-vai-assumir-area-global-de-veiculos-compartilhados\/","name":"Presidente da GM do Brasil vai assumir \u00e1rea global de ve\u00edculos compartilhados - Canal Dana","isPartOf":{"@id":"https:\/\/dana.com.br\/canaldana\/#website"},"datePublished":"2016-08-30T11:59:46+00:00","author":{"@id":"https:\/\/dana.com.br\/canaldana\/#\/schema\/person\/3c21f22f56fcf3bc46b94bc60ea4fef6"},"breadcrumb":{"@id":"https:\/\/dana.com.br\/canaldana\/2016\/08\/30\/presidente-da-gm-do-brasil-vai-assumir-area-global-de-veiculos-compartilhados\/#breadcrumb"},"inLanguage":"pt-BR","potentialAction":[{"@type":"ReadAction","target":["https:\/\/dana.com.br\/canaldana\/2016\/08\/30\/presidente-da-gm-do-brasil-vai-assumir-area-global-de-veiculos-compartilhados\/"]}]},{"@type":"BreadcrumbList","@id":"https:\/\/dana.com.br\/canaldana\/2016\/08\/30\/presidente-da-gm-do-brasil-vai-assumir-area-global-de-veiculos-compartilhados\/#breadcrumb","itemListElement":[{"@type":"ListItem","position":1,"name":"Home","item":"https:\/\/dana.com.br\/canaldana\/"},{"@type":"ListItem","position":2,"name":"Destaques","item":"https:\/\/dana.com.br\/canaldana\/destaques\/"},{"@type":"ListItem","position":3,"name":"Presidente da GM do Brasil vai assumir \u00e1rea global de ve\u00edculos compartilhados"}]},{"@type":"WebSite","@id":"https:\/\/dana.com.br\/canaldana\/#website","url":"https:\/\/dana.com.br\/canaldana\/","name":"Canal Dana","description":"Informativo com as principais not\u00edcias da ind\u00fastria automotiva","potentialAction":[{"@type":"SearchAction","target":{"@type":"EntryPoint","urlTemplate":"https:\/\/dana.com.br\/canaldana\/?s={search_term_string}"},"query-input":{"@type":"PropertyValueSpecification","valueRequired":true,"valueName":"search_term_string"}}],"inLanguage":"pt-BR"},{"@type":"Person","@id":"https:\/\/dana.com.br\/canaldana\/#\/schema\/person\/3c21f22f56fcf3bc46b94bc60ea4fef6","name":"Canal Dana","image":{"@type":"ImageObject","inLanguage":"pt-BR","@id":"https:\/\/secure.gravatar.com\/avatar\/420aaf9278582877d9018637c6817617705899d2858d7572ef0fe59a6b6454b4?s=96&d=mm&r=g","url":"https:\/\/secure.gravatar.com\/avatar\/420aaf9278582877d9018637c6817617705899d2858d7572ef0fe59a6b6454b4?s=96&d=mm&r=g","contentUrl":"https:\/\/secure.gravatar.com\/avatar\/420aaf9278582877d9018637c6817617705899d2858d7572ef0fe59a6b6454b4?s=96&d=mm&r=g","caption":"Canal Dana"},"url":"https:\/\/dana.com.br\/canaldana\/author\/cdeditor\/"}]}},"_links":{"self":[{"href":"https:\/\/dana.com.br\/canaldana\/wp-json\/wp\/v2\/posts\/11167","targetHints":{"allow":["GET"]}}],"collection":[{"href":"https:\/\/dana.com.br\/canaldana\/wp-json\/wp\/v2\/posts"}],"about":[{"href":"https:\/\/dana.com.br\/canaldana\/wp-json\/wp\/v2\/types\/post"}],"author":[{"embeddable":true,"href":"https:\/\/dana.com.br\/canaldana\/wp-json\/wp\/v2\/users\/3"}],"replies":[{"embeddable":true,"href":"https:\/\/dana.com.br\/canaldana\/wp-json\/wp\/v2\/comments?post=11167"}],"version-history":[{"count":0,"href":"https:\/\/dana.com.br\/canaldana\/wp-json\/wp\/v2\/posts\/11167\/revisions"}],"wp:attachment":[{"href":"https:\/\/dana.com.br\/canaldana\/wp-json\/wp\/v2\/media?parent=11167"}],"wp:term":[{"taxonomy":"category","embeddable":true,"href":"https:\/\/dana.com.br\/canaldana\/wp-json\/wp\/v2\/categories?post=11167"},{"taxonomy":"post_tag","embeddable":true,"href":"https:\/\/dana.com.br\/canaldana\/wp-json\/wp\/v2\/tags?post=11167"}],"curies":[{"name":"wp","href":"https:\/\/api.w.org\/{rel}","templated":true}]}}