{"id":11000,"date":"2016-08-24T08:20:51","date_gmt":"2016-08-24T11:20:51","guid":{"rendered":"http:\/\/dana.com.br\/canaldana\/?p=11000"},"modified":"2016-08-24T08:20:51","modified_gmt":"2016-08-24T11:20:51","slug":"hyundai-vai-exportar-hb20-para-o-uruguai","status":"publish","type":"post","link":"https:\/\/dana.com.br\/canaldana\/2016\/08\/24\/hyundai-vai-exportar-hb20-para-o-uruguai\/","title":{"rendered":"Hyundai vai exportar HB20 para o Uruguai"},"content":{"rendered":"<p><em>Portal CIMM<\/em><\/p>\n<p>&nbsp;<\/p>\n<p>Como parte da estrat\u00e9gia de expans\u00e3o das exporta\u00e7\u00f5es para a Am\u00e9rica Latina, a Hyundai Motor Brasil come\u00e7a a enviar ve\u00edculos HB20, produzidos unicamente na f\u00e1brica de Piracicaba (SP), para o Uruguai. Ser\u00e3o 300 unidades at\u00e9 o fim de 2016 e outras 600 ao longo do pr\u00f3ximo ano. O modelo exportado \u00e9 o HB20 Comfort Plus 1.6, com c\u00e2mbio manual, nas vers\u00f5es hatch e sed\u00e3.<\/p>\n<p>&nbsp;<\/p>\n<p>&#8220;O HB20 j\u00e1 provou ser um sucesso no Brasil, consolidando-se entre os modelos mais vendidos. Comemoramos o in\u00edcio das exporta\u00e7\u00f5es em mar\u00e7o para o Paraguai e agora expandimos nossas opera\u00e7\u00f5es para outro pa\u00eds vizinho, o Uruguai, onde tamb\u00e9m temos um importador tradicional para apoiar nossos clientes com toda a aten\u00e7\u00e3o e qualidade&#8221;, diz William Lee, presidente da Hyundai Motor Brasil.<\/p>\n<p>&nbsp;<\/p>\n<p>Os ve\u00edculos ser\u00e3o comercializados localmente pela Fidocar S.A., representante da marca Hyundai no Uruguai desde 1992. A rede de concession\u00e1rias no pa\u00eds conta com 28 casas, distribu\u00eddas por todo o territ\u00f3rio nacional e aptas para o atendimento de vendas de ve\u00edculos, pe\u00e7as e servi\u00e7os.<\/p>\n<p>&nbsp;<\/p>\n<p>As exporta\u00e7\u00f5es a partir da f\u00e1brica brasileira da Hyundai devem incluir outros pa\u00edses latino-americanos, al\u00e9m de Paraguai e Uruguai, e ter\u00e3o papel importante na sustenta\u00e7\u00e3o dos volumes de produ\u00e7\u00e3o frente \u00e0 crise econ\u00f4mica no mercado interno. &#8220;No momento, n\u00e3o h\u00e1 planos para aumentar os volumes de produ\u00e7\u00e3o. O foco \u00e9 encontrar novos mercados para melhor utilizar a capacidade j\u00e1 instalada&#8221;, acrescenta o presidente da Hyundai Motor Brasil.<\/p>\n<p>&nbsp;<\/p>\n<p>A Hyundai segue com produ\u00e7\u00e3o em tr\u00eas turnos, durante os cinco dias da semana, e mant\u00e9m a previs\u00e3o de repetir em 2016 o mesmo volume do ano passado, em torno de 165 mil unidades. O mercado interno brasileiro de autom\u00f3veis passa por grave desacelera\u00e7\u00e3o, com redu\u00e7\u00e3o em cerca de 25% das vendas totais em rela\u00e7\u00e3o a 2015, enquanto a Hyundai apresenta queda menor, de 4,5%, com a fam\u00edlia HB20 garantindo um crescimento acumulado de aproximadamente 2%.<\/p>\n<p>&nbsp;<\/p>\n<p>Com o objetivo de ampliar os mercados para o HB20, a Hyundai conseguiu este ano sua classifica\u00e7\u00e3o como Operador Econ\u00f4mico Autorizado (OEA) pela Receita Federal, o que possibilita maior agilidade no processo de exporta\u00e7\u00e3o e um melhor controle operacional dos embarques. Tamb\u00e9m, visando o maior reconhecimento no exterior, a montadora buscou a certifica\u00e7\u00e3o de \u201cBoas Pr\u00e1ticas de Trabalho Decente\u201d, conferida pela Secretaria de Emprego e Rela\u00e7\u00f5es Trabalhistas do Estado de S\u00e3o Paulo (SERT). A certifica\u00e7\u00e3o \u00e9 baseada nos conceitos da Organiza\u00e7\u00e3o Internacional do Trabalho (OIT). (Portal CIMM)<\/p>\n","protected":false},"excerpt":{"rendered":"<p>Portal CIMM &nbsp; Como parte da estrat\u00e9gia de expans\u00e3o das exporta\u00e7\u00f5es para a Am\u00e9rica Latina, a Hyundai Motor Brasil come\u00e7a a enviar ve\u00edculos HB20, produzidos unicamente na f\u00e1brica de Piracicaba (SP), para o Uruguai. Ser\u00e3o 300 unidades at\u00e9 o fim de 2016 e outras 600 ao longo do pr\u00f3ximo ano. O modelo exportado \u00e9 o\u2026 <a class=\"readmore\" href=\"https:\/\/dana.com.br\/canaldana\/2016\/08\/24\/hyundai-vai-exportar-hb20-para-o-uruguai\/\">Leia mais \u00bb<\/a><\/p>\n","protected":false},"author":3,"featured_media":0,"comment_status":"closed","ping_status":"closed","sticky":false,"template":"","format":"standard","meta":{"_acf_changed":false,"footnotes":""},"categories":[61],"tags":[],"class_list":["post-11000","post","type-post","status-publish","format-standard","hentry","category-destaques"],"acf":[],"yoast_head":"<!-- This site is optimized with the Yoast SEO plugin v27.3 - https:\/\/yoast.com\/product\/yoast-seo-wordpress\/ -->\n<title>Hyundai vai exportar HB20 para o Uruguai - Canal Dana<\/title>\n<meta name=\"robots\" content=\"index, follow, max-snippet:-1, max-image-preview:large, max-video-preview:-1\" \/>\n<link rel=\"canonical\" href=\"https:\/\/dana.com.br\/canaldana\/2016\/08\/24\/hyundai-vai-exportar-hb20-para-o-uruguai\/\" \/>\n<meta property=\"og:locale\" content=\"pt_BR\" \/>\n<meta property=\"og:type\" content=\"article\" \/>\n<meta property=\"og:title\" content=\"Hyundai vai exportar HB20 para o Uruguai - Canal Dana\" \/>\n<meta property=\"og:description\" content=\"Portal CIMM &nbsp; Como parte da estrat\u00e9gia de expans\u00e3o das exporta\u00e7\u00f5es para a Am\u00e9rica Latina, a Hyundai Motor Brasil come\u00e7a a enviar ve\u00edculos HB20, produzidos unicamente na f\u00e1brica de Piracicaba (SP), para o Uruguai. Ser\u00e3o 300 unidades at\u00e9 o fim de 2016 e outras 600 ao longo do pr\u00f3ximo ano. O modelo exportado \u00e9 o\u2026 Leia mais \u00bb\" \/>\n<meta property=\"og:url\" content=\"https:\/\/dana.com.br\/canaldana\/2016\/08\/24\/hyundai-vai-exportar-hb20-para-o-uruguai\/\" \/>\n<meta property=\"og:site_name\" content=\"Canal Dana\" \/>\n<meta property=\"article:published_time\" content=\"2016-08-24T11:20:51+00:00\" \/>\n<meta name=\"author\" content=\"Canal Dana\" \/>\n<meta name=\"twitter:card\" content=\"summary_large_image\" \/>\n<meta name=\"twitter:label1\" content=\"Escrito por\" \/>\n\t<meta name=\"twitter:data1\" content=\"Canal Dana\" \/>\n\t<meta name=\"twitter:label2\" content=\"Est. tempo de leitura\" \/>\n\t<meta name=\"twitter:data2\" content=\"2 minutos\" \/>\n<script type=\"application\/ld+json\" class=\"yoast-schema-graph\">{\"@context\":\"https:\\\/\\\/schema.org\",\"@graph\":[{\"@type\":\"Article\",\"@id\":\"https:\\\/\\\/dana.com.br\\\/canaldana\\\/2016\\\/08\\\/24\\\/hyundai-vai-exportar-hb20-para-o-uruguai\\\/#article\",\"isPartOf\":{\"@id\":\"https:\\\/\\\/dana.com.br\\\/canaldana\\\/2016\\\/08\\\/24\\\/hyundai-vai-exportar-hb20-para-o-uruguai\\\/\"},\"author\":{\"name\":\"Canal Dana\",\"@id\":\"https:\\\/\\\/dana.com.br\\\/canaldana\\\/#\\\/schema\\\/person\\\/3c21f22f56fcf3bc46b94bc60ea4fef6\"},\"headline\":\"Hyundai vai exportar HB20 para o Uruguai\",\"datePublished\":\"2016-08-24T11:20:51+00:00\",\"mainEntityOfPage\":{\"@id\":\"https:\\\/\\\/dana.com.br\\\/canaldana\\\/2016\\\/08\\\/24\\\/hyundai-vai-exportar-hb20-para-o-uruguai\\\/\"},\"wordCount\":454,\"articleSection\":[\"Destaques\"],\"inLanguage\":\"pt-BR\"},{\"@type\":\"WebPage\",\"@id\":\"https:\\\/\\\/dana.com.br\\\/canaldana\\\/2016\\\/08\\\/24\\\/hyundai-vai-exportar-hb20-para-o-uruguai\\\/\",\"url\":\"https:\\\/\\\/dana.com.br\\\/canaldana\\\/2016\\\/08\\\/24\\\/hyundai-vai-exportar-hb20-para-o-uruguai\\\/\",\"name\":\"Hyundai vai exportar HB20 para o Uruguai - Canal Dana\",\"isPartOf\":{\"@id\":\"https:\\\/\\\/dana.com.br\\\/canaldana\\\/#website\"},\"datePublished\":\"2016-08-24T11:20:51+00:00\",\"author\":{\"@id\":\"https:\\\/\\\/dana.com.br\\\/canaldana\\\/#\\\/schema\\\/person\\\/3c21f22f56fcf3bc46b94bc60ea4fef6\"},\"breadcrumb\":{\"@id\":\"https:\\\/\\\/dana.com.br\\\/canaldana\\\/2016\\\/08\\\/24\\\/hyundai-vai-exportar-hb20-para-o-uruguai\\\/#breadcrumb\"},\"inLanguage\":\"pt-BR\",\"potentialAction\":[{\"@type\":\"ReadAction\",\"target\":[\"https:\\\/\\\/dana.com.br\\\/canaldana\\\/2016\\\/08\\\/24\\\/hyundai-vai-exportar-hb20-para-o-uruguai\\\/\"]}]},{\"@type\":\"BreadcrumbList\",\"@id\":\"https:\\\/\\\/dana.com.br\\\/canaldana\\\/2016\\\/08\\\/24\\\/hyundai-vai-exportar-hb20-para-o-uruguai\\\/#breadcrumb\",\"itemListElement\":[{\"@type\":\"ListItem\",\"position\":1,\"name\":\"Home\",\"item\":\"https:\\\/\\\/dana.com.br\\\/canaldana\\\/\"},{\"@type\":\"ListItem\",\"position\":2,\"name\":\"Destaques\",\"item\":\"https:\\\/\\\/dana.com.br\\\/canaldana\\\/destaques\\\/\"},{\"@type\":\"ListItem\",\"position\":3,\"name\":\"Hyundai vai exportar HB20 para o Uruguai\"}]},{\"@type\":\"WebSite\",\"@id\":\"https:\\\/\\\/dana.com.br\\\/canaldana\\\/#website\",\"url\":\"https:\\\/\\\/dana.com.br\\\/canaldana\\\/\",\"name\":\"Canal Dana\",\"description\":\"Informativo com as principais not\u00edcias da ind\u00fastria automotiva\",\"potentialAction\":[{\"@type\":\"SearchAction\",\"target\":{\"@type\":\"EntryPoint\",\"urlTemplate\":\"https:\\\/\\\/dana.com.br\\\/canaldana\\\/?s={search_term_string}\"},\"query-input\":{\"@type\":\"PropertyValueSpecification\",\"valueRequired\":true,\"valueName\":\"search_term_string\"}}],\"inLanguage\":\"pt-BR\"},{\"@type\":\"Person\",\"@id\":\"https:\\\/\\\/dana.com.br\\\/canaldana\\\/#\\\/schema\\\/person\\\/3c21f22f56fcf3bc46b94bc60ea4fef6\",\"name\":\"Canal Dana\",\"image\":{\"@type\":\"ImageObject\",\"inLanguage\":\"pt-BR\",\"@id\":\"https:\\\/\\\/secure.gravatar.com\\\/avatar\\\/420aaf9278582877d9018637c6817617705899d2858d7572ef0fe59a6b6454b4?s=96&d=mm&r=g\",\"url\":\"https:\\\/\\\/secure.gravatar.com\\\/avatar\\\/420aaf9278582877d9018637c6817617705899d2858d7572ef0fe59a6b6454b4?s=96&d=mm&r=g\",\"contentUrl\":\"https:\\\/\\\/secure.gravatar.com\\\/avatar\\\/420aaf9278582877d9018637c6817617705899d2858d7572ef0fe59a6b6454b4?s=96&d=mm&r=g\",\"caption\":\"Canal Dana\"},\"url\":\"https:\\\/\\\/dana.com.br\\\/canaldana\\\/author\\\/cdeditor\\\/\"}]}<\/script>\n<!-- \/ Yoast SEO plugin. -->","yoast_head_json":{"title":"Hyundai vai exportar HB20 para o Uruguai - Canal Dana","robots":{"index":"index","follow":"follow","max-snippet":"max-snippet:-1","max-image-preview":"max-image-preview:large","max-video-preview":"max-video-preview:-1"},"canonical":"https:\/\/dana.com.br\/canaldana\/2016\/08\/24\/hyundai-vai-exportar-hb20-para-o-uruguai\/","og_locale":"pt_BR","og_type":"article","og_title":"Hyundai vai exportar HB20 para o Uruguai - Canal Dana","og_description":"Portal CIMM &nbsp; Como parte da estrat\u00e9gia de expans\u00e3o das exporta\u00e7\u00f5es para a Am\u00e9rica Latina, a Hyundai Motor Brasil come\u00e7a a enviar ve\u00edculos HB20, produzidos unicamente na f\u00e1brica de Piracicaba (SP), para o Uruguai. Ser\u00e3o 300 unidades at\u00e9 o fim de 2016 e outras 600 ao longo do pr\u00f3ximo ano. O modelo exportado \u00e9 o\u2026 Leia mais \u00bb","og_url":"https:\/\/dana.com.br\/canaldana\/2016\/08\/24\/hyundai-vai-exportar-hb20-para-o-uruguai\/","og_site_name":"Canal Dana","article_published_time":"2016-08-24T11:20:51+00:00","author":"Canal Dana","twitter_card":"summary_large_image","twitter_misc":{"Escrito por":"Canal Dana","Est. tempo de leitura":"2 minutos"},"schema":{"@context":"https:\/\/schema.org","@graph":[{"@type":"Article","@id":"https:\/\/dana.com.br\/canaldana\/2016\/08\/24\/hyundai-vai-exportar-hb20-para-o-uruguai\/#article","isPartOf":{"@id":"https:\/\/dana.com.br\/canaldana\/2016\/08\/24\/hyundai-vai-exportar-hb20-para-o-uruguai\/"},"author":{"name":"Canal Dana","@id":"https:\/\/dana.com.br\/canaldana\/#\/schema\/person\/3c21f22f56fcf3bc46b94bc60ea4fef6"},"headline":"Hyundai vai exportar HB20 para o Uruguai","datePublished":"2016-08-24T11:20:51+00:00","mainEntityOfPage":{"@id":"https:\/\/dana.com.br\/canaldana\/2016\/08\/24\/hyundai-vai-exportar-hb20-para-o-uruguai\/"},"wordCount":454,"articleSection":["Destaques"],"inLanguage":"pt-BR"},{"@type":"WebPage","@id":"https:\/\/dana.com.br\/canaldana\/2016\/08\/24\/hyundai-vai-exportar-hb20-para-o-uruguai\/","url":"https:\/\/dana.com.br\/canaldana\/2016\/08\/24\/hyundai-vai-exportar-hb20-para-o-uruguai\/","name":"Hyundai vai exportar HB20 para o Uruguai - Canal Dana","isPartOf":{"@id":"https:\/\/dana.com.br\/canaldana\/#website"},"datePublished":"2016-08-24T11:20:51+00:00","author":{"@id":"https:\/\/dana.com.br\/canaldana\/#\/schema\/person\/3c21f22f56fcf3bc46b94bc60ea4fef6"},"breadcrumb":{"@id":"https:\/\/dana.com.br\/canaldana\/2016\/08\/24\/hyundai-vai-exportar-hb20-para-o-uruguai\/#breadcrumb"},"inLanguage":"pt-BR","potentialAction":[{"@type":"ReadAction","target":["https:\/\/dana.com.br\/canaldana\/2016\/08\/24\/hyundai-vai-exportar-hb20-para-o-uruguai\/"]}]},{"@type":"BreadcrumbList","@id":"https:\/\/dana.com.br\/canaldana\/2016\/08\/24\/hyundai-vai-exportar-hb20-para-o-uruguai\/#breadcrumb","itemListElement":[{"@type":"ListItem","position":1,"name":"Home","item":"https:\/\/dana.com.br\/canaldana\/"},{"@type":"ListItem","position":2,"name":"Destaques","item":"https:\/\/dana.com.br\/canaldana\/destaques\/"},{"@type":"ListItem","position":3,"name":"Hyundai vai exportar HB20 para o Uruguai"}]},{"@type":"WebSite","@id":"https:\/\/dana.com.br\/canaldana\/#website","url":"https:\/\/dana.com.br\/canaldana\/","name":"Canal Dana","description":"Informativo com as principais not\u00edcias da ind\u00fastria automotiva","potentialAction":[{"@type":"SearchAction","target":{"@type":"EntryPoint","urlTemplate":"https:\/\/dana.com.br\/canaldana\/?s={search_term_string}"},"query-input":{"@type":"PropertyValueSpecification","valueRequired":true,"valueName":"search_term_string"}}],"inLanguage":"pt-BR"},{"@type":"Person","@id":"https:\/\/dana.com.br\/canaldana\/#\/schema\/person\/3c21f22f56fcf3bc46b94bc60ea4fef6","name":"Canal Dana","image":{"@type":"ImageObject","inLanguage":"pt-BR","@id":"https:\/\/secure.gravatar.com\/avatar\/420aaf9278582877d9018637c6817617705899d2858d7572ef0fe59a6b6454b4?s=96&d=mm&r=g","url":"https:\/\/secure.gravatar.com\/avatar\/420aaf9278582877d9018637c6817617705899d2858d7572ef0fe59a6b6454b4?s=96&d=mm&r=g","contentUrl":"https:\/\/secure.gravatar.com\/avatar\/420aaf9278582877d9018637c6817617705899d2858d7572ef0fe59a6b6454b4?s=96&d=mm&r=g","caption":"Canal Dana"},"url":"https:\/\/dana.com.br\/canaldana\/author\/cdeditor\/"}]}},"_links":{"self":[{"href":"https:\/\/dana.com.br\/canaldana\/wp-json\/wp\/v2\/posts\/11000","targetHints":{"allow":["GET"]}}],"collection":[{"href":"https:\/\/dana.com.br\/canaldana\/wp-json\/wp\/v2\/posts"}],"about":[{"href":"https:\/\/dana.com.br\/canaldana\/wp-json\/wp\/v2\/types\/post"}],"author":[{"embeddable":true,"href":"https:\/\/dana.com.br\/canaldana\/wp-json\/wp\/v2\/users\/3"}],"replies":[{"embeddable":true,"href":"https:\/\/dana.com.br\/canaldana\/wp-json\/wp\/v2\/comments?post=11000"}],"version-history":[{"count":0,"href":"https:\/\/dana.com.br\/canaldana\/wp-json\/wp\/v2\/posts\/11000\/revisions"}],"wp:attachment":[{"href":"https:\/\/dana.com.br\/canaldana\/wp-json\/wp\/v2\/media?parent=11000"}],"wp:term":[{"taxonomy":"category","embeddable":true,"href":"https:\/\/dana.com.br\/canaldana\/wp-json\/wp\/v2\/categories?post=11000"},{"taxonomy":"post_tag","embeddable":true,"href":"https:\/\/dana.com.br\/canaldana\/wp-json\/wp\/v2\/tags?post=11000"}],"curies":[{"name":"wp","href":"https:\/\/api.w.org\/{rel}","templated":true}]}}