{"id":10671,"date":"2016-08-11T08:26:53","date_gmt":"2016-08-11T11:26:53","guid":{"rendered":"http:\/\/dana.com.br\/canaldana\/?p=10671"},"modified":"2016-08-11T08:26:53","modified_gmt":"2016-08-11T11:26:53","slug":"vw-van-se-transforma-em-estande-movel-de-loja-de-suspensao-paulista","status":"publish","type":"post","link":"https:\/\/dana.com.br\/canaldana\/2016\/08\/11\/vw-van-se-transforma-em-estande-movel-de-loja-de-suspensao-paulista\/","title":{"rendered":"VW Van se transforma em estande m\u00f3vel de loja de suspens\u00e3o paulista"},"content":{"rendered":"<p><em>Fullpower<\/em><\/p>\n<p>&nbsp;<\/p>\n<p>F\u00e1bio Lacerda j\u00e1 apareceu aqui na FULLPOWER com seu Chevrolet Cruze hatch socado, agora o cara veio mostrar sua nova cria\u00e7\u00e3o. Batizada de Joaninha, essa VW Van (tamb\u00e9m conhecida como Caddy MK2 em outros mercados), apareceu para F\u00e1bio quando ele estava no hospital tratando de um c\u00e1lculo renal. \u201cEstava buscando um carro para ser o novo show-car da minha loja, vi v\u00e1rios Golf MK3, mas me apaixonei nas Caddy montadas na gringa. Achei v\u00e1rias baratas, por\u00e9m em p\u00e9ssimo estado de conserva\u00e7\u00e3o\u201d, lembra o cara.<\/p>\n<p>&nbsp;<\/p>\n<p>Em meio a diversos an\u00fancios, F\u00e1bio encontrou uma que cabia em seu or\u00e7amento e estava em bom estado. Como o cara ainda estava no hospital, teve que combinar com a dona em ver o carro assim que tivesse alta. N\u00e3o demorou muito e F\u00e1bio chamou seu amigo Carlinhos Pazianotto, da Porn Garage, para dar uma olhada na Van. Foi amor \u00e0 primeira vista, e no dia seguinte o cara j\u00e1 estava indo buscar o carro.<\/p>\n<p>&nbsp;<\/p>\n<p>Como a ideia inicial era fazer um show-car de sua loja, a Draggin Customs, em Carapicu\u00edba (SP), F\u00e1bio instalou de imediato um jogo de rodas BBS RS 17?x 8,5? na dianteira e 17?x 10? na traseira. O sistema de suspens\u00e3o escolhido foi a ar, que \u00e9 o carro chefe da loja. \u201cEu gostava de como a Caddy fazia o fitment nas rodas traseiras, mas queria mont\u00e1-la de uma forma diferente, porque estavam aparecendo outras q estavam aparecendo no mesmo estilo e tamb\u00e9m precisava de algo que lembrasse o nome da loja. Ent\u00e3o resolvi fazer algo \u00fanico e exclusivo\u201d.<\/p>\n<p>&nbsp;<\/p>\n<p>Para isso, F\u00e1bio foi at\u00e9 Carlinhos para adquirir um novo jogo de rodas exclusivo, e abra\u00e7ou as OZ Futura originais de tr\u00eas pe\u00e7as. A suspens\u00e3o tamb\u00e9m recebeu upgrades e ganhou um controlador digital, cilindro de a\u00e7o no formato de estepe, ambos da AirLift, mais 1 compressor ViAir 444C, 2 bolsas dominator na traseira. \u201cComprei tubos de ferro mec\u00e2nico, chapa, parafusos, buchas de p.u e mais algumas coisinhas para deixar ela perfeita\u201d, conta F\u00e1bio.<\/p>\n<p>&nbsp;<\/p>\n<p>A cor original dela era o Vermelho Flash, que n\u00e3o agradava muito o cara. Por isso ela foi desmontada por inteiro para receber o Vermelho Vermont, do Ford New Fiesta. Ainda desmontada, o eixo traseiro foi refeito, a ponta de eixo foi deslocada e F\u00e1bio montou os suporte do four link e os suportes dos amortecedores e bolsas, tudo para \u201czerar\u201d o carro no ch\u00e3o. Nesse meio tempo, F\u00e1bio comprou novos far\u00f3is, lanternas, spoiler dianteiro da Seat Inca, retrovisores do Golf MK3, carpete, cromou o cilindro de ar, fez o hardline\u2026<\/p>\n<p>&nbsp;<\/p>\n<p>\u201cO resultado ficou animal. Meus olhos brilhavam ao ver o resultado final que eu tanto esperava\u201d comemora F\u00e1bio. O cara ainda ganhou de presente uma roda avulsa original da OZ Futura do Carlinhos. Para deixar a Joaninha brilhante, F\u00e1bio chamou seu amigo Octavio Alc\u00e2ntara, que deu talento na pintura e no polimento das rodas. A parte traseira virou o estande m\u00f3vel da loja, com diversas pe\u00e7as de suspens\u00e3o, que o cara leva para todos os encontros que vai e chama a aten\u00e7\u00e3o pela altura do carro. (Fullpower)<\/p>\n","protected":false},"excerpt":{"rendered":"<p>Fullpower &nbsp; F\u00e1bio Lacerda j\u00e1 apareceu aqui na FULLPOWER com seu Chevrolet Cruze hatch socado, agora o cara veio mostrar sua nova cria\u00e7\u00e3o. Batizada de Joaninha, essa VW Van (tamb\u00e9m conhecida como Caddy MK2 em outros mercados), apareceu para F\u00e1bio quando ele estava no hospital tratando de um c\u00e1lculo renal. \u201cEstava buscando um carro para\u2026 <a class=\"readmore\" href=\"https:\/\/dana.com.br\/canaldana\/2016\/08\/11\/vw-van-se-transforma-em-estande-movel-de-loja-de-suspensao-paulista\/\">Leia mais \u00bb<\/a><\/p>\n","protected":false},"author":3,"featured_media":0,"comment_status":"closed","ping_status":"closed","sticky":false,"template":"","format":"standard","meta":{"_acf_changed":false,"footnotes":""},"categories":[79],"tags":[],"class_list":["post-10671","post","type-post","status-publish","format-standard","hentry","category-mercado"],"acf":[],"yoast_head":"<!-- This site is optimized with the Yoast SEO plugin v27.3 - https:\/\/yoast.com\/product\/yoast-seo-wordpress\/ -->\n<title>VW Van se transforma em estande m\u00f3vel de loja de suspens\u00e3o paulista - Canal Dana<\/title>\n<meta name=\"robots\" content=\"index, follow, max-snippet:-1, max-image-preview:large, max-video-preview:-1\" \/>\n<link rel=\"canonical\" href=\"https:\/\/dana.com.br\/canaldana\/2016\/08\/11\/vw-van-se-transforma-em-estande-movel-de-loja-de-suspensao-paulista\/\" \/>\n<meta property=\"og:locale\" content=\"pt_BR\" \/>\n<meta property=\"og:type\" content=\"article\" \/>\n<meta property=\"og:title\" content=\"VW Van se transforma em estande m\u00f3vel de loja de suspens\u00e3o paulista - Canal Dana\" \/>\n<meta property=\"og:description\" content=\"Fullpower &nbsp; F\u00e1bio Lacerda j\u00e1 apareceu aqui na FULLPOWER com seu Chevrolet Cruze hatch socado, agora o cara veio mostrar sua nova cria\u00e7\u00e3o. Batizada de Joaninha, essa VW Van (tamb\u00e9m conhecida como Caddy MK2 em outros mercados), apareceu para F\u00e1bio quando ele estava no hospital tratando de um c\u00e1lculo renal. \u201cEstava buscando um carro para\u2026 Leia mais \u00bb\" \/>\n<meta property=\"og:url\" content=\"https:\/\/dana.com.br\/canaldana\/2016\/08\/11\/vw-van-se-transforma-em-estande-movel-de-loja-de-suspensao-paulista\/\" \/>\n<meta property=\"og:site_name\" content=\"Canal Dana\" \/>\n<meta property=\"article:published_time\" content=\"2016-08-11T11:26:53+00:00\" \/>\n<meta name=\"author\" content=\"Canal Dana\" \/>\n<meta name=\"twitter:card\" content=\"summary_large_image\" \/>\n<meta name=\"twitter:label1\" content=\"Escrito por\" \/>\n\t<meta name=\"twitter:data1\" content=\"Canal Dana\" \/>\n\t<meta name=\"twitter:label2\" content=\"Est. tempo de leitura\" \/>\n\t<meta name=\"twitter:data2\" content=\"3 minutos\" \/>\n<script type=\"application\/ld+json\" class=\"yoast-schema-graph\">{\"@context\":\"https:\\\/\\\/schema.org\",\"@graph\":[{\"@type\":\"Article\",\"@id\":\"https:\\\/\\\/dana.com.br\\\/canaldana\\\/2016\\\/08\\\/11\\\/vw-van-se-transforma-em-estande-movel-de-loja-de-suspensao-paulista\\\/#article\",\"isPartOf\":{\"@id\":\"https:\\\/\\\/dana.com.br\\\/canaldana\\\/2016\\\/08\\\/11\\\/vw-van-se-transforma-em-estande-movel-de-loja-de-suspensao-paulista\\\/\"},\"author\":{\"name\":\"Canal Dana\",\"@id\":\"https:\\\/\\\/dana.com.br\\\/canaldana\\\/#\\\/schema\\\/person\\\/3c21f22f56fcf3bc46b94bc60ea4fef6\"},\"headline\":\"VW Van se transforma em estande m\u00f3vel de loja de suspens\u00e3o paulista\",\"datePublished\":\"2016-08-11T11:26:53+00:00\",\"mainEntityOfPage\":{\"@id\":\"https:\\\/\\\/dana.com.br\\\/canaldana\\\/2016\\\/08\\\/11\\\/vw-van-se-transforma-em-estande-movel-de-loja-de-suspensao-paulista\\\/\"},\"wordCount\":566,\"articleSection\":[\"Mercado\"],\"inLanguage\":\"pt-BR\"},{\"@type\":\"WebPage\",\"@id\":\"https:\\\/\\\/dana.com.br\\\/canaldana\\\/2016\\\/08\\\/11\\\/vw-van-se-transforma-em-estande-movel-de-loja-de-suspensao-paulista\\\/\",\"url\":\"https:\\\/\\\/dana.com.br\\\/canaldana\\\/2016\\\/08\\\/11\\\/vw-van-se-transforma-em-estande-movel-de-loja-de-suspensao-paulista\\\/\",\"name\":\"VW Van se transforma em estande m\u00f3vel de loja de suspens\u00e3o paulista - Canal Dana\",\"isPartOf\":{\"@id\":\"https:\\\/\\\/dana.com.br\\\/canaldana\\\/#website\"},\"datePublished\":\"2016-08-11T11:26:53+00:00\",\"author\":{\"@id\":\"https:\\\/\\\/dana.com.br\\\/canaldana\\\/#\\\/schema\\\/person\\\/3c21f22f56fcf3bc46b94bc60ea4fef6\"},\"breadcrumb\":{\"@id\":\"https:\\\/\\\/dana.com.br\\\/canaldana\\\/2016\\\/08\\\/11\\\/vw-van-se-transforma-em-estande-movel-de-loja-de-suspensao-paulista\\\/#breadcrumb\"},\"inLanguage\":\"pt-BR\",\"potentialAction\":[{\"@type\":\"ReadAction\",\"target\":[\"https:\\\/\\\/dana.com.br\\\/canaldana\\\/2016\\\/08\\\/11\\\/vw-van-se-transforma-em-estande-movel-de-loja-de-suspensao-paulista\\\/\"]}]},{\"@type\":\"BreadcrumbList\",\"@id\":\"https:\\\/\\\/dana.com.br\\\/canaldana\\\/2016\\\/08\\\/11\\\/vw-van-se-transforma-em-estande-movel-de-loja-de-suspensao-paulista\\\/#breadcrumb\",\"itemListElement\":[{\"@type\":\"ListItem\",\"position\":1,\"name\":\"Home\",\"item\":\"https:\\\/\\\/dana.com.br\\\/canaldana\\\/\"},{\"@type\":\"ListItem\",\"position\":2,\"name\":\"Mercado\",\"item\":\"https:\\\/\\\/dana.com.br\\\/canaldana\\\/mercado\\\/\"},{\"@type\":\"ListItem\",\"position\":3,\"name\":\"VW Van se transforma em estande m\u00f3vel de loja de suspens\u00e3o paulista\"}]},{\"@type\":\"WebSite\",\"@id\":\"https:\\\/\\\/dana.com.br\\\/canaldana\\\/#website\",\"url\":\"https:\\\/\\\/dana.com.br\\\/canaldana\\\/\",\"name\":\"Canal Dana\",\"description\":\"Informativo com as principais not\u00edcias da ind\u00fastria automotiva\",\"potentialAction\":[{\"@type\":\"SearchAction\",\"target\":{\"@type\":\"EntryPoint\",\"urlTemplate\":\"https:\\\/\\\/dana.com.br\\\/canaldana\\\/?s={search_term_string}\"},\"query-input\":{\"@type\":\"PropertyValueSpecification\",\"valueRequired\":true,\"valueName\":\"search_term_string\"}}],\"inLanguage\":\"pt-BR\"},{\"@type\":\"Person\",\"@id\":\"https:\\\/\\\/dana.com.br\\\/canaldana\\\/#\\\/schema\\\/person\\\/3c21f22f56fcf3bc46b94bc60ea4fef6\",\"name\":\"Canal Dana\",\"image\":{\"@type\":\"ImageObject\",\"inLanguage\":\"pt-BR\",\"@id\":\"https:\\\/\\\/secure.gravatar.com\\\/avatar\\\/420aaf9278582877d9018637c6817617705899d2858d7572ef0fe59a6b6454b4?s=96&d=mm&r=g\",\"url\":\"https:\\\/\\\/secure.gravatar.com\\\/avatar\\\/420aaf9278582877d9018637c6817617705899d2858d7572ef0fe59a6b6454b4?s=96&d=mm&r=g\",\"contentUrl\":\"https:\\\/\\\/secure.gravatar.com\\\/avatar\\\/420aaf9278582877d9018637c6817617705899d2858d7572ef0fe59a6b6454b4?s=96&d=mm&r=g\",\"caption\":\"Canal Dana\"},\"url\":\"https:\\\/\\\/dana.com.br\\\/canaldana\\\/author\\\/cdeditor\\\/\"}]}<\/script>\n<!-- \/ Yoast SEO plugin. -->","yoast_head_json":{"title":"VW Van se transforma em estande m\u00f3vel de loja de suspens\u00e3o paulista - Canal Dana","robots":{"index":"index","follow":"follow","max-snippet":"max-snippet:-1","max-image-preview":"max-image-preview:large","max-video-preview":"max-video-preview:-1"},"canonical":"https:\/\/dana.com.br\/canaldana\/2016\/08\/11\/vw-van-se-transforma-em-estande-movel-de-loja-de-suspensao-paulista\/","og_locale":"pt_BR","og_type":"article","og_title":"VW Van se transforma em estande m\u00f3vel de loja de suspens\u00e3o paulista - Canal Dana","og_description":"Fullpower &nbsp; F\u00e1bio Lacerda j\u00e1 apareceu aqui na FULLPOWER com seu Chevrolet Cruze hatch socado, agora o cara veio mostrar sua nova cria\u00e7\u00e3o. Batizada de Joaninha, essa VW Van (tamb\u00e9m conhecida como Caddy MK2 em outros mercados), apareceu para F\u00e1bio quando ele estava no hospital tratando de um c\u00e1lculo renal. \u201cEstava buscando um carro para\u2026 Leia mais \u00bb","og_url":"https:\/\/dana.com.br\/canaldana\/2016\/08\/11\/vw-van-se-transforma-em-estande-movel-de-loja-de-suspensao-paulista\/","og_site_name":"Canal Dana","article_published_time":"2016-08-11T11:26:53+00:00","author":"Canal Dana","twitter_card":"summary_large_image","twitter_misc":{"Escrito por":"Canal Dana","Est. tempo de leitura":"3 minutos"},"schema":{"@context":"https:\/\/schema.org","@graph":[{"@type":"Article","@id":"https:\/\/dana.com.br\/canaldana\/2016\/08\/11\/vw-van-se-transforma-em-estande-movel-de-loja-de-suspensao-paulista\/#article","isPartOf":{"@id":"https:\/\/dana.com.br\/canaldana\/2016\/08\/11\/vw-van-se-transforma-em-estande-movel-de-loja-de-suspensao-paulista\/"},"author":{"name":"Canal Dana","@id":"https:\/\/dana.com.br\/canaldana\/#\/schema\/person\/3c21f22f56fcf3bc46b94bc60ea4fef6"},"headline":"VW Van se transforma em estande m\u00f3vel de loja de suspens\u00e3o paulista","datePublished":"2016-08-11T11:26:53+00:00","mainEntityOfPage":{"@id":"https:\/\/dana.com.br\/canaldana\/2016\/08\/11\/vw-van-se-transforma-em-estande-movel-de-loja-de-suspensao-paulista\/"},"wordCount":566,"articleSection":["Mercado"],"inLanguage":"pt-BR"},{"@type":"WebPage","@id":"https:\/\/dana.com.br\/canaldana\/2016\/08\/11\/vw-van-se-transforma-em-estande-movel-de-loja-de-suspensao-paulista\/","url":"https:\/\/dana.com.br\/canaldana\/2016\/08\/11\/vw-van-se-transforma-em-estande-movel-de-loja-de-suspensao-paulista\/","name":"VW Van se transforma em estande m\u00f3vel de loja de suspens\u00e3o paulista - Canal Dana","isPartOf":{"@id":"https:\/\/dana.com.br\/canaldana\/#website"},"datePublished":"2016-08-11T11:26:53+00:00","author":{"@id":"https:\/\/dana.com.br\/canaldana\/#\/schema\/person\/3c21f22f56fcf3bc46b94bc60ea4fef6"},"breadcrumb":{"@id":"https:\/\/dana.com.br\/canaldana\/2016\/08\/11\/vw-van-se-transforma-em-estande-movel-de-loja-de-suspensao-paulista\/#breadcrumb"},"inLanguage":"pt-BR","potentialAction":[{"@type":"ReadAction","target":["https:\/\/dana.com.br\/canaldana\/2016\/08\/11\/vw-van-se-transforma-em-estande-movel-de-loja-de-suspensao-paulista\/"]}]},{"@type":"BreadcrumbList","@id":"https:\/\/dana.com.br\/canaldana\/2016\/08\/11\/vw-van-se-transforma-em-estande-movel-de-loja-de-suspensao-paulista\/#breadcrumb","itemListElement":[{"@type":"ListItem","position":1,"name":"Home","item":"https:\/\/dana.com.br\/canaldana\/"},{"@type":"ListItem","position":2,"name":"Mercado","item":"https:\/\/dana.com.br\/canaldana\/mercado\/"},{"@type":"ListItem","position":3,"name":"VW Van se transforma em estande m\u00f3vel de loja de suspens\u00e3o paulista"}]},{"@type":"WebSite","@id":"https:\/\/dana.com.br\/canaldana\/#website","url":"https:\/\/dana.com.br\/canaldana\/","name":"Canal Dana","description":"Informativo com as principais not\u00edcias da ind\u00fastria automotiva","potentialAction":[{"@type":"SearchAction","target":{"@type":"EntryPoint","urlTemplate":"https:\/\/dana.com.br\/canaldana\/?s={search_term_string}"},"query-input":{"@type":"PropertyValueSpecification","valueRequired":true,"valueName":"search_term_string"}}],"inLanguage":"pt-BR"},{"@type":"Person","@id":"https:\/\/dana.com.br\/canaldana\/#\/schema\/person\/3c21f22f56fcf3bc46b94bc60ea4fef6","name":"Canal Dana","image":{"@type":"ImageObject","inLanguage":"pt-BR","@id":"https:\/\/secure.gravatar.com\/avatar\/420aaf9278582877d9018637c6817617705899d2858d7572ef0fe59a6b6454b4?s=96&d=mm&r=g","url":"https:\/\/secure.gravatar.com\/avatar\/420aaf9278582877d9018637c6817617705899d2858d7572ef0fe59a6b6454b4?s=96&d=mm&r=g","contentUrl":"https:\/\/secure.gravatar.com\/avatar\/420aaf9278582877d9018637c6817617705899d2858d7572ef0fe59a6b6454b4?s=96&d=mm&r=g","caption":"Canal Dana"},"url":"https:\/\/dana.com.br\/canaldana\/author\/cdeditor\/"}]}},"_links":{"self":[{"href":"https:\/\/dana.com.br\/canaldana\/wp-json\/wp\/v2\/posts\/10671","targetHints":{"allow":["GET"]}}],"collection":[{"href":"https:\/\/dana.com.br\/canaldana\/wp-json\/wp\/v2\/posts"}],"about":[{"href":"https:\/\/dana.com.br\/canaldana\/wp-json\/wp\/v2\/types\/post"}],"author":[{"embeddable":true,"href":"https:\/\/dana.com.br\/canaldana\/wp-json\/wp\/v2\/users\/3"}],"replies":[{"embeddable":true,"href":"https:\/\/dana.com.br\/canaldana\/wp-json\/wp\/v2\/comments?post=10671"}],"version-history":[{"count":0,"href":"https:\/\/dana.com.br\/canaldana\/wp-json\/wp\/v2\/posts\/10671\/revisions"}],"wp:attachment":[{"href":"https:\/\/dana.com.br\/canaldana\/wp-json\/wp\/v2\/media?parent=10671"}],"wp:term":[{"taxonomy":"category","embeddable":true,"href":"https:\/\/dana.com.br\/canaldana\/wp-json\/wp\/v2\/categories?post=10671"},{"taxonomy":"post_tag","embeddable":true,"href":"https:\/\/dana.com.br\/canaldana\/wp-json\/wp\/v2\/tags?post=10671"}],"curies":[{"name":"wp","href":"https:\/\/api.w.org\/{rel}","templated":true}]}}