{"id":10485,"date":"2016-08-04T08:26:41","date_gmt":"2016-08-04T11:26:41","guid":{"rendered":"http:\/\/dana.com.br\/canaldana\/?p=10485"},"modified":"2016-08-04T08:26:41","modified_gmt":"2016-08-04T11:26:41","slug":"governo-federal-estuda-trocar-frota-propria-por-taxi","status":"publish","type":"post","link":"https:\/\/dana.com.br\/canaldana\/2016\/08\/04\/governo-federal-estuda-trocar-frota-propria-por-taxi\/","title":{"rendered":"Governo federal estuda trocar frota pr\u00f3pria por t\u00e1xi"},"content":{"rendered":"<p><em>O Estado de S. Paulo<\/em><\/p>\n<p>&nbsp;<\/p>\n<p>Com o objetivo de melhorar a efici\u00eancia do gasto p\u00fablico, o governo federal vai fazer mudan\u00e7as no transporte de servidores. O Minist\u00e9rio do Planejamento pretende reduzir em 40% a despesa com aluguel, manuten\u00e7\u00e3o e motoristas, contratando servi\u00e7os de t\u00e1xi ou de transporte terceirizado. Entre as possibilidades, est\u00e1 at\u00e9 o uso do Uber, desde que esteja regulamentado na cidade.<\/p>\n<p>&nbsp;<\/p>\n<p>Hoje, os 24 minist\u00e9rios gastam R$ 49 milh\u00f5es por ano com o servi\u00e7o de transporte. A ideia \u00e9 reduzir a despesa para R$ 22 milh\u00f5es. Para o secret\u00e1rio de Gest\u00e3o do Planejamento, Gleisson Cardoso Rubin, isso faz parte de um projeto maior do governo federal para cortar gastos e, comprovada a efici\u00eancia da mudan\u00e7a, poder\u00e1 ser estendida para outras \u00e1reas como seguran\u00e7a, limpeza e servi\u00e7os postais.<\/p>\n<p>&nbsp;<\/p>\n<p>Para colocar em pr\u00e1tica o projeto, o governo federal abrir\u00e1, na pr\u00f3xima sexta-feira, uma consulta p\u00fablica sobre o tema. A ideia \u00e9 encerrar as discuss\u00f5es ainda em agosto e abrir a licita\u00e7\u00e3o em seguida, para assinar o contrato com a vencedora em novembro. O cronograma do Planejamento prev\u00ea o in\u00edcio da implementa\u00e7\u00e3o do servi\u00e7o em janeiro de 2017.<\/p>\n<p>&nbsp;<\/p>\n<p>O projeto, estudado por mais de um ano pelo governo, possibilitar\u00e1 que empresas de servi\u00e7o de passageiros, como t\u00e1xi ou Uber, transportem os funcion\u00e1rios dos 24 minist\u00e9rios do governo. Entre as exig\u00eancias, as companhias precisar\u00e3o ter, al\u00e9m da frota, um servi\u00e7o que possibilite o chamado de carros por meio de aplicativo eletr\u00f4nico.<\/p>\n<p>&nbsp;<\/p>\n<p>Na avalia\u00e7\u00e3o de Rubin, o modelo que atendeu os minist\u00e9rios por d\u00e9cadas n\u00e3o \u00e9 mais vi\u00e1vel. \u201cO formato atual deixa centenas de carros e profissionais parados sem necessidade, queremos um servi\u00e7o \u2018on demand&#8217;\u201d, disse.<\/p>\n<p>&nbsp;<\/p>\n<p>A partir de agora, o Planejamento ficar\u00e1 respons\u00e1vel pela gest\u00e3o do \u00fanico contrato que atender\u00e1 aos minist\u00e9rios, diferentemente do que acontece hoje e, assim, ter\u00e1 um controle maior sobre a efici\u00eancia do servi\u00e7o. \u201cA gest\u00e3o ser\u00e1 centralizada e os outros minist\u00e9rios n\u00e3o precisar\u00e3o ter uma equipe para cuidar disso, podendo aproveitar seus profissionais para outros setores\u201d, afirmou Rubin.<\/p>\n<p>&nbsp;<\/p>\n<p>Com a mudan\u00e7a, o governo federal n\u00e3o renovar\u00e1 os contratos de loca\u00e7\u00e3o de ve\u00edculos, nem dos motoristas terceirizados ou de manuten\u00e7\u00e3o dos carros. Para n\u00e3o ter custo com a rescis\u00e3o dos contratos que est\u00e3o vigentes, as pastas passar\u00e3o a utilizar o novo servi\u00e7o conforme os contratos atuais forem acabando.<\/p>\n<p>&nbsp;<\/p>\n<p><strong>Limita\u00e7\u00f5es<\/strong><\/p>\n<p>&nbsp;<\/p>\n<p>Inicialmente, o projeto do Planejamento atender\u00e1 somente em Bras\u00edlia e n\u00e3o funcionar\u00e1 para secret\u00e1rios e ministros. Isso porque, a capital ainda n\u00e3o tem um servi\u00e7o de t\u00e1xis executivo como o Uber Black, que n\u00e3o poder\u00e1 fazer parte da licita\u00e7\u00e3o por n\u00e3o ter sido regulamentado. Os ve\u00edculos que s\u00e3o utilizados para o chamado \u201cservi\u00e7o fim\u201d, por exemplo, ambul\u00e2ncias e carros de pol\u00edcia, tamb\u00e9m ficar\u00e3o de fora.<\/p>\n<p>&nbsp;<\/p>\n<p>O governo far\u00e1 algumas exig\u00eancias para a empresa que prestar\u00e1 o servi\u00e7o. Os carros que transportar\u00e3o os servidores da Uni\u00e3o precisar\u00e3o ter ar-condicionado, entre 2 e 3 anos de uso e capacidade para transportar de 2 a 3 pessoas por vez. Os 520 carros que s\u00e3o de propriedade da Uni\u00e3o passar\u00e3o por uma an\u00e1lise. Os ve\u00edculos que forem vi\u00e1veis para o governo federal, dever\u00e3o ser cedidos para a utiliza\u00e7\u00e3o em servi\u00e7os que n\u00e3o participar\u00e3o do programa. J\u00e1 os que n\u00e3o forem aproveitados pela Uni\u00e3o ser\u00e3o leiloados.<\/p>\n<p>&nbsp;<\/p>\n<p>As primeiras pastas que ir\u00e3o aderir ao servi\u00e7o ser\u00e3o os minist\u00e9rios da Sa\u00fade e Ci\u00eancia e Tecnologia e o da Transpar\u00eancia, Fiscaliza\u00e7\u00e3o e Controle. O Minist\u00e9rio do Planejamento far\u00e1 parte da segunda leva de ades\u00f5es e dever\u00e1 come\u00e7ar\u00e1 a usar o programa entre mar\u00e7o e abril do pr\u00f3ximo ano.<\/p>\n<p>&nbsp;<\/p>\n<p>O Minist\u00e9rio da Fazenda deve ser um dos \u00faltimos a entrar no programa. O t\u00e9rmino da implementa\u00e7\u00e3o est\u00e1 marcado para o in\u00edcio de 2018. Nesse per\u00edodo, Rubin acredita que o governo poder\u00e1 fazer aperfei\u00e7oamentos no modelo. (O Estado de S. Paulo)<\/p>\n","protected":false},"excerpt":{"rendered":"<p>O Estado de S. Paulo &nbsp; Com o objetivo de melhorar a efici\u00eancia do gasto p\u00fablico, o governo federal vai fazer mudan\u00e7as no transporte de servidores. O Minist\u00e9rio do Planejamento pretende reduzir em 40% a despesa com aluguel, manuten\u00e7\u00e3o e motoristas, contratando servi\u00e7os de t\u00e1xi ou de transporte terceirizado. Entre as possibilidades, est\u00e1 at\u00e9 o\u2026 <a class=\"readmore\" href=\"https:\/\/dana.com.br\/canaldana\/2016\/08\/04\/governo-federal-estuda-trocar-frota-propria-por-taxi\/\">Leia mais \u00bb<\/a><\/p>\n","protected":false},"author":3,"featured_media":0,"comment_status":"closed","ping_status":"closed","sticky":false,"template":"","format":"standard","meta":{"_acf_changed":false,"footnotes":""},"categories":[79],"tags":[],"class_list":["post-10485","post","type-post","status-publish","format-standard","hentry","category-mercado"],"acf":[],"yoast_head":"<!-- This site is optimized with the Yoast SEO plugin v27.5 - https:\/\/yoast.com\/product\/yoast-seo-wordpress\/ -->\n<title>Governo federal estuda trocar frota pr\u00f3pria por t\u00e1xi - Canal Dana<\/title>\n<meta name=\"robots\" content=\"index, follow, max-snippet:-1, max-image-preview:large, max-video-preview:-1\" \/>\n<link rel=\"canonical\" href=\"https:\/\/dana.com.br\/canaldana\/2016\/08\/04\/governo-federal-estuda-trocar-frota-propria-por-taxi\/\" \/>\n<meta property=\"og:locale\" content=\"pt_BR\" \/>\n<meta property=\"og:type\" content=\"article\" \/>\n<meta property=\"og:title\" content=\"Governo federal estuda trocar frota pr\u00f3pria por t\u00e1xi - Canal Dana\" \/>\n<meta property=\"og:description\" content=\"O Estado de S. Paulo &nbsp; Com o objetivo de melhorar a efici\u00eancia do gasto p\u00fablico, o governo federal vai fazer mudan\u00e7as no transporte de servidores. O Minist\u00e9rio do Planejamento pretende reduzir em 40% a despesa com aluguel, manuten\u00e7\u00e3o e motoristas, contratando servi\u00e7os de t\u00e1xi ou de transporte terceirizado. Entre as possibilidades, est\u00e1 at\u00e9 o\u2026 Leia mais \u00bb\" \/>\n<meta property=\"og:url\" content=\"https:\/\/dana.com.br\/canaldana\/2016\/08\/04\/governo-federal-estuda-trocar-frota-propria-por-taxi\/\" \/>\n<meta property=\"og:site_name\" content=\"Canal Dana\" \/>\n<meta property=\"article:published_time\" content=\"2016-08-04T11:26:41+00:00\" \/>\n<meta name=\"author\" content=\"Canal Dana\" \/>\n<meta name=\"twitter:card\" content=\"summary_large_image\" \/>\n<meta name=\"twitter:label1\" content=\"Escrito por\" \/>\n\t<meta name=\"twitter:data1\" content=\"Canal Dana\" \/>\n\t<meta name=\"twitter:label2\" content=\"Est. tempo de leitura\" \/>\n\t<meta name=\"twitter:data2\" content=\"4 minutos\" \/>\n<script type=\"application\/ld+json\" class=\"yoast-schema-graph\">{\"@context\":\"https:\\\/\\\/schema.org\",\"@graph\":[{\"@type\":\"Article\",\"@id\":\"https:\\\/\\\/dana.com.br\\\/canaldana\\\/2016\\\/08\\\/04\\\/governo-federal-estuda-trocar-frota-propria-por-taxi\\\/#article\",\"isPartOf\":{\"@id\":\"https:\\\/\\\/dana.com.br\\\/canaldana\\\/2016\\\/08\\\/04\\\/governo-federal-estuda-trocar-frota-propria-por-taxi\\\/\"},\"author\":{\"name\":\"Canal Dana\",\"@id\":\"https:\\\/\\\/dana.com.br\\\/canaldana\\\/#\\\/schema\\\/person\\\/3c21f22f56fcf3bc46b94bc60ea4fef6\"},\"headline\":\"Governo federal estuda trocar frota pr\u00f3pria por t\u00e1xi\",\"datePublished\":\"2016-08-04T11:26:41+00:00\",\"mainEntityOfPage\":{\"@id\":\"https:\\\/\\\/dana.com.br\\\/canaldana\\\/2016\\\/08\\\/04\\\/governo-federal-estuda-trocar-frota-propria-por-taxi\\\/\"},\"wordCount\":743,\"articleSection\":[\"Mercado\"],\"inLanguage\":\"pt-BR\"},{\"@type\":\"WebPage\",\"@id\":\"https:\\\/\\\/dana.com.br\\\/canaldana\\\/2016\\\/08\\\/04\\\/governo-federal-estuda-trocar-frota-propria-por-taxi\\\/\",\"url\":\"https:\\\/\\\/dana.com.br\\\/canaldana\\\/2016\\\/08\\\/04\\\/governo-federal-estuda-trocar-frota-propria-por-taxi\\\/\",\"name\":\"Governo federal estuda trocar frota pr\u00f3pria por t\u00e1xi - Canal Dana\",\"isPartOf\":{\"@id\":\"https:\\\/\\\/dana.com.br\\\/canaldana\\\/#website\"},\"datePublished\":\"2016-08-04T11:26:41+00:00\",\"author\":{\"@id\":\"https:\\\/\\\/dana.com.br\\\/canaldana\\\/#\\\/schema\\\/person\\\/3c21f22f56fcf3bc46b94bc60ea4fef6\"},\"breadcrumb\":{\"@id\":\"https:\\\/\\\/dana.com.br\\\/canaldana\\\/2016\\\/08\\\/04\\\/governo-federal-estuda-trocar-frota-propria-por-taxi\\\/#breadcrumb\"},\"inLanguage\":\"pt-BR\",\"potentialAction\":[{\"@type\":\"ReadAction\",\"target\":[\"https:\\\/\\\/dana.com.br\\\/canaldana\\\/2016\\\/08\\\/04\\\/governo-federal-estuda-trocar-frota-propria-por-taxi\\\/\"]}]},{\"@type\":\"BreadcrumbList\",\"@id\":\"https:\\\/\\\/dana.com.br\\\/canaldana\\\/2016\\\/08\\\/04\\\/governo-federal-estuda-trocar-frota-propria-por-taxi\\\/#breadcrumb\",\"itemListElement\":[{\"@type\":\"ListItem\",\"position\":1,\"name\":\"Home\",\"item\":\"https:\\\/\\\/dana.com.br\\\/canaldana\\\/\"},{\"@type\":\"ListItem\",\"position\":2,\"name\":\"Mercado\",\"item\":\"https:\\\/\\\/dana.com.br\\\/canaldana\\\/mercado\\\/\"},{\"@type\":\"ListItem\",\"position\":3,\"name\":\"Governo federal estuda trocar frota pr\u00f3pria por t\u00e1xi\"}]},{\"@type\":\"WebSite\",\"@id\":\"https:\\\/\\\/dana.com.br\\\/canaldana\\\/#website\",\"url\":\"https:\\\/\\\/dana.com.br\\\/canaldana\\\/\",\"name\":\"Canal Dana\",\"description\":\"Informativo com as principais not\u00edcias da ind\u00fastria automotiva\",\"potentialAction\":[{\"@type\":\"SearchAction\",\"target\":{\"@type\":\"EntryPoint\",\"urlTemplate\":\"https:\\\/\\\/dana.com.br\\\/canaldana\\\/?s={search_term_string}\"},\"query-input\":{\"@type\":\"PropertyValueSpecification\",\"valueRequired\":true,\"valueName\":\"search_term_string\"}}],\"inLanguage\":\"pt-BR\"},{\"@type\":\"Person\",\"@id\":\"https:\\\/\\\/dana.com.br\\\/canaldana\\\/#\\\/schema\\\/person\\\/3c21f22f56fcf3bc46b94bc60ea4fef6\",\"name\":\"Canal Dana\",\"image\":{\"@type\":\"ImageObject\",\"inLanguage\":\"pt-BR\",\"@id\":\"https:\\\/\\\/secure.gravatar.com\\\/avatar\\\/420aaf9278582877d9018637c6817617705899d2858d7572ef0fe59a6b6454b4?s=96&d=mm&r=g\",\"url\":\"https:\\\/\\\/secure.gravatar.com\\\/avatar\\\/420aaf9278582877d9018637c6817617705899d2858d7572ef0fe59a6b6454b4?s=96&d=mm&r=g\",\"contentUrl\":\"https:\\\/\\\/secure.gravatar.com\\\/avatar\\\/420aaf9278582877d9018637c6817617705899d2858d7572ef0fe59a6b6454b4?s=96&d=mm&r=g\",\"caption\":\"Canal Dana\"},\"url\":\"https:\\\/\\\/dana.com.br\\\/canaldana\\\/author\\\/cdeditor\\\/\"}]}<\/script>\n<!-- \/ Yoast SEO plugin. -->","yoast_head_json":{"title":"Governo federal estuda trocar frota pr\u00f3pria por t\u00e1xi - Canal Dana","robots":{"index":"index","follow":"follow","max-snippet":"max-snippet:-1","max-image-preview":"max-image-preview:large","max-video-preview":"max-video-preview:-1"},"canonical":"https:\/\/dana.com.br\/canaldana\/2016\/08\/04\/governo-federal-estuda-trocar-frota-propria-por-taxi\/","og_locale":"pt_BR","og_type":"article","og_title":"Governo federal estuda trocar frota pr\u00f3pria por t\u00e1xi - Canal Dana","og_description":"O Estado de S. Paulo &nbsp; Com o objetivo de melhorar a efici\u00eancia do gasto p\u00fablico, o governo federal vai fazer mudan\u00e7as no transporte de servidores. O Minist\u00e9rio do Planejamento pretende reduzir em 40% a despesa com aluguel, manuten\u00e7\u00e3o e motoristas, contratando servi\u00e7os de t\u00e1xi ou de transporte terceirizado. Entre as possibilidades, est\u00e1 at\u00e9 o\u2026 Leia mais \u00bb","og_url":"https:\/\/dana.com.br\/canaldana\/2016\/08\/04\/governo-federal-estuda-trocar-frota-propria-por-taxi\/","og_site_name":"Canal Dana","article_published_time":"2016-08-04T11:26:41+00:00","author":"Canal Dana","twitter_card":"summary_large_image","twitter_misc":{"Escrito por":"Canal Dana","Est. tempo de leitura":"4 minutos"},"schema":{"@context":"https:\/\/schema.org","@graph":[{"@type":"Article","@id":"https:\/\/dana.com.br\/canaldana\/2016\/08\/04\/governo-federal-estuda-trocar-frota-propria-por-taxi\/#article","isPartOf":{"@id":"https:\/\/dana.com.br\/canaldana\/2016\/08\/04\/governo-federal-estuda-trocar-frota-propria-por-taxi\/"},"author":{"name":"Canal Dana","@id":"https:\/\/dana.com.br\/canaldana\/#\/schema\/person\/3c21f22f56fcf3bc46b94bc60ea4fef6"},"headline":"Governo federal estuda trocar frota pr\u00f3pria por t\u00e1xi","datePublished":"2016-08-04T11:26:41+00:00","mainEntityOfPage":{"@id":"https:\/\/dana.com.br\/canaldana\/2016\/08\/04\/governo-federal-estuda-trocar-frota-propria-por-taxi\/"},"wordCount":743,"articleSection":["Mercado"],"inLanguage":"pt-BR"},{"@type":"WebPage","@id":"https:\/\/dana.com.br\/canaldana\/2016\/08\/04\/governo-federal-estuda-trocar-frota-propria-por-taxi\/","url":"https:\/\/dana.com.br\/canaldana\/2016\/08\/04\/governo-federal-estuda-trocar-frota-propria-por-taxi\/","name":"Governo federal estuda trocar frota pr\u00f3pria por t\u00e1xi - Canal Dana","isPartOf":{"@id":"https:\/\/dana.com.br\/canaldana\/#website"},"datePublished":"2016-08-04T11:26:41+00:00","author":{"@id":"https:\/\/dana.com.br\/canaldana\/#\/schema\/person\/3c21f22f56fcf3bc46b94bc60ea4fef6"},"breadcrumb":{"@id":"https:\/\/dana.com.br\/canaldana\/2016\/08\/04\/governo-federal-estuda-trocar-frota-propria-por-taxi\/#breadcrumb"},"inLanguage":"pt-BR","potentialAction":[{"@type":"ReadAction","target":["https:\/\/dana.com.br\/canaldana\/2016\/08\/04\/governo-federal-estuda-trocar-frota-propria-por-taxi\/"]}]},{"@type":"BreadcrumbList","@id":"https:\/\/dana.com.br\/canaldana\/2016\/08\/04\/governo-federal-estuda-trocar-frota-propria-por-taxi\/#breadcrumb","itemListElement":[{"@type":"ListItem","position":1,"name":"Home","item":"https:\/\/dana.com.br\/canaldana\/"},{"@type":"ListItem","position":2,"name":"Mercado","item":"https:\/\/dana.com.br\/canaldana\/mercado\/"},{"@type":"ListItem","position":3,"name":"Governo federal estuda trocar frota pr\u00f3pria por t\u00e1xi"}]},{"@type":"WebSite","@id":"https:\/\/dana.com.br\/canaldana\/#website","url":"https:\/\/dana.com.br\/canaldana\/","name":"Canal Dana","description":"Informativo com as principais not\u00edcias da ind\u00fastria automotiva","potentialAction":[{"@type":"SearchAction","target":{"@type":"EntryPoint","urlTemplate":"https:\/\/dana.com.br\/canaldana\/?s={search_term_string}"},"query-input":{"@type":"PropertyValueSpecification","valueRequired":true,"valueName":"search_term_string"}}],"inLanguage":"pt-BR"},{"@type":"Person","@id":"https:\/\/dana.com.br\/canaldana\/#\/schema\/person\/3c21f22f56fcf3bc46b94bc60ea4fef6","name":"Canal Dana","image":{"@type":"ImageObject","inLanguage":"pt-BR","@id":"https:\/\/secure.gravatar.com\/avatar\/420aaf9278582877d9018637c6817617705899d2858d7572ef0fe59a6b6454b4?s=96&d=mm&r=g","url":"https:\/\/secure.gravatar.com\/avatar\/420aaf9278582877d9018637c6817617705899d2858d7572ef0fe59a6b6454b4?s=96&d=mm&r=g","contentUrl":"https:\/\/secure.gravatar.com\/avatar\/420aaf9278582877d9018637c6817617705899d2858d7572ef0fe59a6b6454b4?s=96&d=mm&r=g","caption":"Canal Dana"},"url":"https:\/\/dana.com.br\/canaldana\/author\/cdeditor\/"}]}},"_links":{"self":[{"href":"https:\/\/dana.com.br\/canaldana\/wp-json\/wp\/v2\/posts\/10485","targetHints":{"allow":["GET"]}}],"collection":[{"href":"https:\/\/dana.com.br\/canaldana\/wp-json\/wp\/v2\/posts"}],"about":[{"href":"https:\/\/dana.com.br\/canaldana\/wp-json\/wp\/v2\/types\/post"}],"author":[{"embeddable":true,"href":"https:\/\/dana.com.br\/canaldana\/wp-json\/wp\/v2\/users\/3"}],"replies":[{"embeddable":true,"href":"https:\/\/dana.com.br\/canaldana\/wp-json\/wp\/v2\/comments?post=10485"}],"version-history":[{"count":0,"href":"https:\/\/dana.com.br\/canaldana\/wp-json\/wp\/v2\/posts\/10485\/revisions"}],"wp:attachment":[{"href":"https:\/\/dana.com.br\/canaldana\/wp-json\/wp\/v2\/media?parent=10485"}],"wp:term":[{"taxonomy":"category","embeddable":true,"href":"https:\/\/dana.com.br\/canaldana\/wp-json\/wp\/v2\/categories?post=10485"},{"taxonomy":"post_tag","embeddable":true,"href":"https:\/\/dana.com.br\/canaldana\/wp-json\/wp\/v2\/tags?post=10485"}],"curies":[{"name":"wp","href":"https:\/\/api.w.org\/{rel}","templated":true}]}}