{"id":10146,"date":"2016-07-22T08:27:27","date_gmt":"2016-07-22T11:27:27","guid":{"rendered":"http:\/\/dana.com.br\/canaldana\/?p=10146"},"modified":"2016-07-22T08:27:27","modified_gmt":"2016-07-22T11:27:27","slug":"confuso-com-lei-do-farol-baixo-uol-carros-mostra-qual-luz-usar","status":"publish","type":"post","link":"https:\/\/dana.com.br\/canaldana\/2016\/07\/22\/confuso-com-lei-do-farol-baixo-uol-carros-mostra-qual-luz-usar\/","title":{"rendered":"Confuso com lei do farol baixo? UOL Carros mostra qual luz usar"},"content":{"rendered":"<p><em>UOL Carros<\/em><\/p>\n<p>&nbsp;<\/p>\n<p>A verdade \u00e9 que, infelizmente, virou bagun\u00e7a: UOL Carros rodou por rodovias, estradas e at\u00e9 t\u00faneis urbanos na regi\u00e3o da Grande S\u00e3o Paulo (SP) e Grande Curitiba (PR) na \u00faltima semana e constatou que tem muito motorista usando as luzes do carro de forma incorreta durante o dia.<\/p>\n<p>&nbsp;<\/p>\n<p>Logo ap\u00f3s a chamada &#8220;lei do farol baixo&#8221; entrar em vigor, no \u00faltimo dia 8, cerca de 12 mil multas j\u00e1 haviam sido aplicadas apenas pela Pol\u00edcia Rodovi\u00e1ria Federal. S\u00f3 no PR, foram 4 mil autua\u00e7\u00f5es em pouco menos de duas semanas.<\/p>\n<p>&nbsp;<\/p>\n<p>\u00c9 fato: a lei foi redigida de forma confusa e sem ouvir especialistas do setor automotivo e tamb\u00e9m de seguran\u00e7a &#8211; e teve de ser corrigida pelo Denatran na v\u00e9spera de vigorar. Mas, por regulamentar uma orienta\u00e7\u00e3o do pr\u00f3prio Denatran (autoridade m\u00e1xima de tr\u00e2nsito no pa\u00eds), preza pela seguran\u00e7a de usu\u00e1rios das vias em geral, sejam motoristas (de carros, caminh\u00f5es e \u00f4nibus), motociclistas, ciclistas e at\u00e9 de pedestres &#8211; sobretudo idosos e crian\u00e7as.<\/p>\n<p>&nbsp;<\/p>\n<p>Ela obriga autom\u00f3veis a circularem usando farol baixo em rodovias e t\u00faneis durante o dia. Com o remendo do Denatran, luzes de condu\u00e7\u00e3o diurna (de LED ou hal\u00f3genas) valem tanto quanto farol baixo.<\/p>\n<p>&nbsp;<\/p>\n<p>Quem descumpri-la, estar\u00e1 cometendo infra\u00e7\u00e3o m\u00e9dia: perda de quatro pontos na CNH e multa de R$ 85,13 &#8211; at\u00e9 novembro, o valor ser\u00e1 reajustado para R$ 130,16.<\/p>\n<p>&nbsp;<\/p>\n<p>Mas para andar com mais seguran\u00e7a nas vias expressas e t\u00faneis e n\u00e3o ficar no preju\u00edzo, qual a forma correta de usar os far\u00f3is do carro? UOL Carros responde suas d\u00favidas:<\/p>\n<p>&nbsp;<\/p>\n<ol>\n<li><strong>O que devo fazer?<\/strong><\/li>\n<\/ol>\n<p>Como dito, autom\u00f3veis circulando em rodovias e t\u00faneis (inclusive na cidade) durante o dia precisam usar farol baixo ou luzes de condu\u00e7\u00e3o diurna (DRL, de funcionamento autom\u00e1tico, que pode ser de LED ou hal\u00f3gena).<\/p>\n<p>&nbsp;<\/p>\n<ol start=\"2\">\n<li><strong>O que acontece se eu n\u00e3o usar nada?<\/strong><\/li>\n<\/ol>\n<p>Se n\u00e3o usar o farol baixo (usando apenas lanterna\/luz de posi\u00e7\u00e3o, ou mesmo deixando todas as luzes desligadas), a nova determina\u00e7\u00e3o aponta como infra\u00e7\u00e3o m\u00e9dia: quatro pontos na CNH e R$ 85,13 de multa.<\/p>\n<p>&nbsp;<\/p>\n<ol start=\"3\">\n<li><strong>Posso usar farol alto a qualquer momento?<\/strong><\/li>\n<\/ol>\n<p>N\u00e3o pode. O facho alto s\u00f3 \u00e9 permitido em vias n\u00e3o iluminadas, e deve ser desligado imediatamente quando o motorista avistar outro carro no sentido contr\u00e1rio &#8212; ou quando estiver atr\u00e1s de outro autom\u00f3vel no mesmo sentido. H\u00e1 tamb\u00e9m a permiss\u00e3o de uso para r\u00e1pidas sinaliza\u00e7\u00f5es no momento do tr\u00e1fego. Pode ser que, durante o dia, ningu\u00e9m te multe, mas se isso ocorrer, ser\u00e1 por infra\u00e7\u00e3o grave (cinco pontos na CNH e R$ 127, 69).<\/p>\n<p>&nbsp;<\/p>\n<ol start=\"4\">\n<li><strong>Ent\u00e3o posso usar o farol de neblina tamb\u00e9m?<\/strong><\/li>\n<\/ol>\n<p>Muito menos! Esse equipamento tem outra fun\u00e7\u00e3o e, em condi\u00e7\u00f5es normais, ofusca outros motoristas. Por isso, seu uso incorreto \u00e9 infra\u00e7\u00e3o grave (cinco pontos na CNH), ou seja, voc\u00ea corre o risco de tomar uma multa maior (R$ 127, 69) que a de n\u00e3o uso do farol baixo.<\/p>\n<p>&nbsp;<\/p>\n<ol start=\"5\">\n<li><strong>Isso \u00e9 &#8220;ind\u00fastria da multa&#8221;?<\/strong><\/li>\n<\/ol>\n<p>N\u00e3o \u00e9. J\u00e1 havia uma recomenda\u00e7\u00e3o do Denatran para o uso de farol baixo nas condi\u00e7\u00f5es da lei, mas poucos motoristas respeitavam. Ao definir pontos e multa, se refor\u00e7a o car\u00e1ter da regulameta\u00e7\u00e3o para proteger outros motoristas, motociclistas, ciclistas e pedestres. &#8220;Acho extremamente necess\u00e1rio ter a possibilidade de ver o carro antes de ele chegar perto, usando o farol ou a luz de posi\u00e7\u00e3o diurna. Isso \u00e9 importante sobretudo para alertar e aumentar a seguran\u00e7a de idosos e crian\u00e7as&#8221;, aponta Lothar Werninghaus, consultor t\u00e9cnico e especialista de equipamento da Audi. (UOL Carros\/Eug\u00eanio Augusto Brito)<\/p>\n","protected":false},"excerpt":{"rendered":"<p>UOL Carros &nbsp; A verdade \u00e9 que, infelizmente, virou bagun\u00e7a: UOL Carros rodou por rodovias, estradas e at\u00e9 t\u00faneis urbanos na regi\u00e3o da Grande S\u00e3o Paulo (SP) e Grande Curitiba (PR) na \u00faltima semana e constatou que tem muito motorista usando as luzes do carro de forma incorreta durante o dia. &nbsp; Logo ap\u00f3s a\u2026 <a class=\"readmore\" href=\"https:\/\/dana.com.br\/canaldana\/2016\/07\/22\/confuso-com-lei-do-farol-baixo-uol-carros-mostra-qual-luz-usar\/\">Leia mais \u00bb<\/a><\/p>\n","protected":false},"author":3,"featured_media":0,"comment_status":"closed","ping_status":"closed","sticky":false,"template":"","format":"standard","meta":{"_acf_changed":false,"footnotes":""},"categories":[79],"tags":[],"class_list":["post-10146","post","type-post","status-publish","format-standard","hentry","category-mercado"],"acf":[],"yoast_head":"<!-- This site is optimized with the Yoast SEO plugin v27.3 - https:\/\/yoast.com\/product\/yoast-seo-wordpress\/ -->\n<title>Confuso com lei do farol baixo? UOL Carros mostra qual luz usar - Canal Dana<\/title>\n<meta name=\"robots\" content=\"index, follow, max-snippet:-1, max-image-preview:large, max-video-preview:-1\" \/>\n<link rel=\"canonical\" href=\"https:\/\/dana.com.br\/canaldana\/2016\/07\/22\/confuso-com-lei-do-farol-baixo-uol-carros-mostra-qual-luz-usar\/\" \/>\n<meta property=\"og:locale\" content=\"pt_BR\" \/>\n<meta property=\"og:type\" content=\"article\" \/>\n<meta property=\"og:title\" content=\"Confuso com lei do farol baixo? UOL Carros mostra qual luz usar - Canal Dana\" \/>\n<meta property=\"og:description\" content=\"UOL Carros &nbsp; A verdade \u00e9 que, infelizmente, virou bagun\u00e7a: UOL Carros rodou por rodovias, estradas e at\u00e9 t\u00faneis urbanos na regi\u00e3o da Grande S\u00e3o Paulo (SP) e Grande Curitiba (PR) na \u00faltima semana e constatou que tem muito motorista usando as luzes do carro de forma incorreta durante o dia. &nbsp; Logo ap\u00f3s a\u2026 Leia mais \u00bb\" \/>\n<meta property=\"og:url\" content=\"https:\/\/dana.com.br\/canaldana\/2016\/07\/22\/confuso-com-lei-do-farol-baixo-uol-carros-mostra-qual-luz-usar\/\" \/>\n<meta property=\"og:site_name\" content=\"Canal Dana\" \/>\n<meta property=\"article:published_time\" content=\"2016-07-22T11:27:27+00:00\" \/>\n<meta name=\"author\" content=\"Canal Dana\" \/>\n<meta name=\"twitter:card\" content=\"summary_large_image\" \/>\n<meta name=\"twitter:label1\" content=\"Escrito por\" \/>\n\t<meta name=\"twitter:data1\" content=\"Canal Dana\" \/>\n\t<meta name=\"twitter:label2\" content=\"Est. tempo de leitura\" \/>\n\t<meta name=\"twitter:data2\" content=\"3 minutos\" \/>\n<script type=\"application\/ld+json\" class=\"yoast-schema-graph\">{\"@context\":\"https:\\\/\\\/schema.org\",\"@graph\":[{\"@type\":\"Article\",\"@id\":\"https:\\\/\\\/dana.com.br\\\/canaldana\\\/2016\\\/07\\\/22\\\/confuso-com-lei-do-farol-baixo-uol-carros-mostra-qual-luz-usar\\\/#article\",\"isPartOf\":{\"@id\":\"https:\\\/\\\/dana.com.br\\\/canaldana\\\/2016\\\/07\\\/22\\\/confuso-com-lei-do-farol-baixo-uol-carros-mostra-qual-luz-usar\\\/\"},\"author\":{\"name\":\"Canal Dana\",\"@id\":\"https:\\\/\\\/dana.com.br\\\/canaldana\\\/#\\\/schema\\\/person\\\/3c21f22f56fcf3bc46b94bc60ea4fef6\"},\"headline\":\"Confuso com lei do farol baixo? UOL Carros mostra qual luz usar\",\"datePublished\":\"2016-07-22T11:27:27+00:00\",\"mainEntityOfPage\":{\"@id\":\"https:\\\/\\\/dana.com.br\\\/canaldana\\\/2016\\\/07\\\/22\\\/confuso-com-lei-do-farol-baixo-uol-carros-mostra-qual-luz-usar\\\/\"},\"wordCount\":655,\"articleSection\":[\"Mercado\"],\"inLanguage\":\"pt-BR\"},{\"@type\":\"WebPage\",\"@id\":\"https:\\\/\\\/dana.com.br\\\/canaldana\\\/2016\\\/07\\\/22\\\/confuso-com-lei-do-farol-baixo-uol-carros-mostra-qual-luz-usar\\\/\",\"url\":\"https:\\\/\\\/dana.com.br\\\/canaldana\\\/2016\\\/07\\\/22\\\/confuso-com-lei-do-farol-baixo-uol-carros-mostra-qual-luz-usar\\\/\",\"name\":\"Confuso com lei do farol baixo? UOL Carros mostra qual luz usar - Canal Dana\",\"isPartOf\":{\"@id\":\"https:\\\/\\\/dana.com.br\\\/canaldana\\\/#website\"},\"datePublished\":\"2016-07-22T11:27:27+00:00\",\"author\":{\"@id\":\"https:\\\/\\\/dana.com.br\\\/canaldana\\\/#\\\/schema\\\/person\\\/3c21f22f56fcf3bc46b94bc60ea4fef6\"},\"breadcrumb\":{\"@id\":\"https:\\\/\\\/dana.com.br\\\/canaldana\\\/2016\\\/07\\\/22\\\/confuso-com-lei-do-farol-baixo-uol-carros-mostra-qual-luz-usar\\\/#breadcrumb\"},\"inLanguage\":\"pt-BR\",\"potentialAction\":[{\"@type\":\"ReadAction\",\"target\":[\"https:\\\/\\\/dana.com.br\\\/canaldana\\\/2016\\\/07\\\/22\\\/confuso-com-lei-do-farol-baixo-uol-carros-mostra-qual-luz-usar\\\/\"]}]},{\"@type\":\"BreadcrumbList\",\"@id\":\"https:\\\/\\\/dana.com.br\\\/canaldana\\\/2016\\\/07\\\/22\\\/confuso-com-lei-do-farol-baixo-uol-carros-mostra-qual-luz-usar\\\/#breadcrumb\",\"itemListElement\":[{\"@type\":\"ListItem\",\"position\":1,\"name\":\"Home\",\"item\":\"https:\\\/\\\/dana.com.br\\\/canaldana\\\/\"},{\"@type\":\"ListItem\",\"position\":2,\"name\":\"Mercado\",\"item\":\"https:\\\/\\\/dana.com.br\\\/canaldana\\\/mercado\\\/\"},{\"@type\":\"ListItem\",\"position\":3,\"name\":\"Confuso com lei do farol baixo? UOL Carros mostra qual luz usar\"}]},{\"@type\":\"WebSite\",\"@id\":\"https:\\\/\\\/dana.com.br\\\/canaldana\\\/#website\",\"url\":\"https:\\\/\\\/dana.com.br\\\/canaldana\\\/\",\"name\":\"Canal Dana\",\"description\":\"Informativo com as principais not\u00edcias da ind\u00fastria automotiva\",\"potentialAction\":[{\"@type\":\"SearchAction\",\"target\":{\"@type\":\"EntryPoint\",\"urlTemplate\":\"https:\\\/\\\/dana.com.br\\\/canaldana\\\/?s={search_term_string}\"},\"query-input\":{\"@type\":\"PropertyValueSpecification\",\"valueRequired\":true,\"valueName\":\"search_term_string\"}}],\"inLanguage\":\"pt-BR\"},{\"@type\":\"Person\",\"@id\":\"https:\\\/\\\/dana.com.br\\\/canaldana\\\/#\\\/schema\\\/person\\\/3c21f22f56fcf3bc46b94bc60ea4fef6\",\"name\":\"Canal Dana\",\"image\":{\"@type\":\"ImageObject\",\"inLanguage\":\"pt-BR\",\"@id\":\"https:\\\/\\\/secure.gravatar.com\\\/avatar\\\/420aaf9278582877d9018637c6817617705899d2858d7572ef0fe59a6b6454b4?s=96&d=mm&r=g\",\"url\":\"https:\\\/\\\/secure.gravatar.com\\\/avatar\\\/420aaf9278582877d9018637c6817617705899d2858d7572ef0fe59a6b6454b4?s=96&d=mm&r=g\",\"contentUrl\":\"https:\\\/\\\/secure.gravatar.com\\\/avatar\\\/420aaf9278582877d9018637c6817617705899d2858d7572ef0fe59a6b6454b4?s=96&d=mm&r=g\",\"caption\":\"Canal Dana\"},\"url\":\"https:\\\/\\\/dana.com.br\\\/canaldana\\\/author\\\/cdeditor\\\/\"}]}<\/script>\n<!-- \/ Yoast SEO plugin. -->","yoast_head_json":{"title":"Confuso com lei do farol baixo? UOL Carros mostra qual luz usar - Canal Dana","robots":{"index":"index","follow":"follow","max-snippet":"max-snippet:-1","max-image-preview":"max-image-preview:large","max-video-preview":"max-video-preview:-1"},"canonical":"https:\/\/dana.com.br\/canaldana\/2016\/07\/22\/confuso-com-lei-do-farol-baixo-uol-carros-mostra-qual-luz-usar\/","og_locale":"pt_BR","og_type":"article","og_title":"Confuso com lei do farol baixo? UOL Carros mostra qual luz usar - Canal Dana","og_description":"UOL Carros &nbsp; A verdade \u00e9 que, infelizmente, virou bagun\u00e7a: UOL Carros rodou por rodovias, estradas e at\u00e9 t\u00faneis urbanos na regi\u00e3o da Grande S\u00e3o Paulo (SP) e Grande Curitiba (PR) na \u00faltima semana e constatou que tem muito motorista usando as luzes do carro de forma incorreta durante o dia. &nbsp; Logo ap\u00f3s a\u2026 Leia mais \u00bb","og_url":"https:\/\/dana.com.br\/canaldana\/2016\/07\/22\/confuso-com-lei-do-farol-baixo-uol-carros-mostra-qual-luz-usar\/","og_site_name":"Canal Dana","article_published_time":"2016-07-22T11:27:27+00:00","author":"Canal Dana","twitter_card":"summary_large_image","twitter_misc":{"Escrito por":"Canal Dana","Est. tempo de leitura":"3 minutos"},"schema":{"@context":"https:\/\/schema.org","@graph":[{"@type":"Article","@id":"https:\/\/dana.com.br\/canaldana\/2016\/07\/22\/confuso-com-lei-do-farol-baixo-uol-carros-mostra-qual-luz-usar\/#article","isPartOf":{"@id":"https:\/\/dana.com.br\/canaldana\/2016\/07\/22\/confuso-com-lei-do-farol-baixo-uol-carros-mostra-qual-luz-usar\/"},"author":{"name":"Canal Dana","@id":"https:\/\/dana.com.br\/canaldana\/#\/schema\/person\/3c21f22f56fcf3bc46b94bc60ea4fef6"},"headline":"Confuso com lei do farol baixo? UOL Carros mostra qual luz usar","datePublished":"2016-07-22T11:27:27+00:00","mainEntityOfPage":{"@id":"https:\/\/dana.com.br\/canaldana\/2016\/07\/22\/confuso-com-lei-do-farol-baixo-uol-carros-mostra-qual-luz-usar\/"},"wordCount":655,"articleSection":["Mercado"],"inLanguage":"pt-BR"},{"@type":"WebPage","@id":"https:\/\/dana.com.br\/canaldana\/2016\/07\/22\/confuso-com-lei-do-farol-baixo-uol-carros-mostra-qual-luz-usar\/","url":"https:\/\/dana.com.br\/canaldana\/2016\/07\/22\/confuso-com-lei-do-farol-baixo-uol-carros-mostra-qual-luz-usar\/","name":"Confuso com lei do farol baixo? UOL Carros mostra qual luz usar - Canal Dana","isPartOf":{"@id":"https:\/\/dana.com.br\/canaldana\/#website"},"datePublished":"2016-07-22T11:27:27+00:00","author":{"@id":"https:\/\/dana.com.br\/canaldana\/#\/schema\/person\/3c21f22f56fcf3bc46b94bc60ea4fef6"},"breadcrumb":{"@id":"https:\/\/dana.com.br\/canaldana\/2016\/07\/22\/confuso-com-lei-do-farol-baixo-uol-carros-mostra-qual-luz-usar\/#breadcrumb"},"inLanguage":"pt-BR","potentialAction":[{"@type":"ReadAction","target":["https:\/\/dana.com.br\/canaldana\/2016\/07\/22\/confuso-com-lei-do-farol-baixo-uol-carros-mostra-qual-luz-usar\/"]}]},{"@type":"BreadcrumbList","@id":"https:\/\/dana.com.br\/canaldana\/2016\/07\/22\/confuso-com-lei-do-farol-baixo-uol-carros-mostra-qual-luz-usar\/#breadcrumb","itemListElement":[{"@type":"ListItem","position":1,"name":"Home","item":"https:\/\/dana.com.br\/canaldana\/"},{"@type":"ListItem","position":2,"name":"Mercado","item":"https:\/\/dana.com.br\/canaldana\/mercado\/"},{"@type":"ListItem","position":3,"name":"Confuso com lei do farol baixo? UOL Carros mostra qual luz usar"}]},{"@type":"WebSite","@id":"https:\/\/dana.com.br\/canaldana\/#website","url":"https:\/\/dana.com.br\/canaldana\/","name":"Canal Dana","description":"Informativo com as principais not\u00edcias da ind\u00fastria automotiva","potentialAction":[{"@type":"SearchAction","target":{"@type":"EntryPoint","urlTemplate":"https:\/\/dana.com.br\/canaldana\/?s={search_term_string}"},"query-input":{"@type":"PropertyValueSpecification","valueRequired":true,"valueName":"search_term_string"}}],"inLanguage":"pt-BR"},{"@type":"Person","@id":"https:\/\/dana.com.br\/canaldana\/#\/schema\/person\/3c21f22f56fcf3bc46b94bc60ea4fef6","name":"Canal Dana","image":{"@type":"ImageObject","inLanguage":"pt-BR","@id":"https:\/\/secure.gravatar.com\/avatar\/420aaf9278582877d9018637c6817617705899d2858d7572ef0fe59a6b6454b4?s=96&d=mm&r=g","url":"https:\/\/secure.gravatar.com\/avatar\/420aaf9278582877d9018637c6817617705899d2858d7572ef0fe59a6b6454b4?s=96&d=mm&r=g","contentUrl":"https:\/\/secure.gravatar.com\/avatar\/420aaf9278582877d9018637c6817617705899d2858d7572ef0fe59a6b6454b4?s=96&d=mm&r=g","caption":"Canal Dana"},"url":"https:\/\/dana.com.br\/canaldana\/author\/cdeditor\/"}]}},"_links":{"self":[{"href":"https:\/\/dana.com.br\/canaldana\/wp-json\/wp\/v2\/posts\/10146","targetHints":{"allow":["GET"]}}],"collection":[{"href":"https:\/\/dana.com.br\/canaldana\/wp-json\/wp\/v2\/posts"}],"about":[{"href":"https:\/\/dana.com.br\/canaldana\/wp-json\/wp\/v2\/types\/post"}],"author":[{"embeddable":true,"href":"https:\/\/dana.com.br\/canaldana\/wp-json\/wp\/v2\/users\/3"}],"replies":[{"embeddable":true,"href":"https:\/\/dana.com.br\/canaldana\/wp-json\/wp\/v2\/comments?post=10146"}],"version-history":[{"count":0,"href":"https:\/\/dana.com.br\/canaldana\/wp-json\/wp\/v2\/posts\/10146\/revisions"}],"wp:attachment":[{"href":"https:\/\/dana.com.br\/canaldana\/wp-json\/wp\/v2\/media?parent=10146"}],"wp:term":[{"taxonomy":"category","embeddable":true,"href":"https:\/\/dana.com.br\/canaldana\/wp-json\/wp\/v2\/categories?post=10146"},{"taxonomy":"post_tag","embeddable":true,"href":"https:\/\/dana.com.br\/canaldana\/wp-json\/wp\/v2\/tags?post=10146"}],"curies":[{"name":"wp","href":"https:\/\/api.w.org\/{rel}","templated":true}]}}